{"id":1645,"date":"2018-04-11T17:35:15","date_gmt":"2018-04-11T20:35:15","guid":{"rendered":"https:\/\/www.amerian.com\/devsite\/rio-gallegos-el-legado-de-inmigrantes-y-pioneros\/"},"modified":"2025-02-05T17:43:14","modified_gmt":"2025-02-05T20:43:14","slug":"historia-y-turismo-en-rio-gallegos","status":"publish","type":"post","link":"https:\/\/www.amerian.com\/en\/historia-y-turismo-en-rio-gallegos\/","title":{"rendered":"R\u00edo Gallegos, el legado de inmigrantes y pioneros"},"content":{"rendered":"\n<h1 class=\"wp-block-heading\">Turismo en R\u00edo Gallegos: historia, cultura y excursiones inolvidables<\/h1>\n\n\n\n<figure class=\"wp-block-image size-full\"><img fetchpriority=\"high\" decoding=\"async\" width=\"816\" height=\"500\" src=\"https:\/\/www.amerian.com\/wp-content\/uploads\/2018\/04\/costanera-piloto-argentino-1.jpg\" alt=\"Turismo en R\u00edo Gallegos\" class=\"wp-image-22120\" srcset=\"https:\/\/www.amerian.com\/wp-content\/uploads\/2018\/04\/costanera-piloto-argentino-1.jpg 816w, https:\/\/www.amerian.com\/wp-content\/uploads\/2018\/04\/costanera-piloto-argentino-1-300x184.jpg 300w, https:\/\/www.amerian.com\/wp-content\/uploads\/2018\/04\/costanera-piloto-argentino-1-768x471.jpg 768w\" sizes=\"(max-width: 816px) 100vw, 816px\" \/><\/figure>\n\n\n\n<p>R\u00edo Gallegos, capital de la provincia de Santa Cruz, es una ciudad que combina historia, paisajes y una variada oferta de excursiones. Ya sea que busques un viaje de negocios o unas vacaciones para descubrir la Patagonia, <strong>Am\u00e9rian R\u00edo Gallegos Apart &amp; Suites<\/strong> es el punto de partida ideal para recorrer la ciudad y sus alrededores. Ubicado estrat\u00e9gicamente en la Avenida San Mart\u00edn 673, ofrece comodidad y cercan\u00eda a los principales atractivos de la regi\u00f3n.<\/p>\n\n\n\n<p>Desde<strong> <a href=\"https:\/\/www.amerian.com\/\">Am\u00e9rian Hoteles<\/a><\/strong>, te invitamos a conocer la belleza de esta provincia y disfrutar hosped\u00e1ndote en nuestras instalaciones.\u00a0<\/p>\n\n\n\n<h2 class=\"wp-block-heading\">Un recorrido por el coraz\u00f3n hist\u00f3rico de R\u00edo Gallegos<\/h2>\n\n\n\n<p>La mejor manera de conocer la esencia de la ciudad es comenzar el recorrido desde el centro. A solo 50 metros del hotel se encuentra la <strong>Plaza San Mart\u00edn<\/strong>, el principal punto de encuentro desde 1901. Esta plaza fue testigo de la nostalgia de los inmigrantes que llegaron en busca de un futuro mejor y sigue siendo un sitio de reuni\u00f3n, rodeado por \u00e1rboles inclinados por el constante viento patag\u00f3nico.&nbsp;<\/p>\n\n\n\n<p>No te pierdas el <strong>monumento al General San Mart\u00edn<\/strong>, que desde 1954 se erige como homenaje a una de las figuras m\u00e1s importantes de la historia argentina.<\/p>\n\n\n\n<p>Siguiendo el recorrido por las calles Don Bosco, Err\u00e1zuriz y Maip\u00fa, regresamos a la <strong>Avenida San Mart\u00edn<\/strong>, donde encontramos tres edificios clave: el <strong>Palacio Municipal<\/strong>, la <strong>Catedral Nuestra Se\u00f1ora de Luj\u00e1n<\/strong> y el <strong>Juzgado Federal<\/strong>. El Palacio Municipal, inaugurado en 1925, mantiene su fachada original y fue sede del primer Consejo Municipal de la ciudad en 1912.<\/p>\n\n\n\n<h3 class=\"wp-block-heading\">La Catedral de R\u00edo Gallegos: un tesoro arquitect\u00f3nico<\/h3>\n\n\n\n<figure class=\"wp-block-image size-full\"><img decoding=\"async\" width=\"728\" height=\"485\" src=\"https:\/\/www.amerian.com\/wp-content\/uploads\/2018\/04\/catedral-12312312-728x485-1.webp\" alt=\"Catedral de R\u00edo Gallegos\" class=\"wp-image-22123\" srcset=\"https:\/\/www.amerian.com\/wp-content\/uploads\/2018\/04\/catedral-12312312-728x485-1.webp 728w, https:\/\/www.amerian.com\/wp-content\/uploads\/2018\/04\/catedral-12312312-728x485-1-300x200.webp 300w\" sizes=\"(max-width: 728px) 100vw, 728px\" \/><\/figure>\n\n\n\n<p>Declarada <strong>Monumento Hist\u00f3rico Nacional<\/strong> en 1985, la Catedral de R\u00edo Gallegos es una joya de la arquitectura patag\u00f3nica. Construida en 1900 con maderas y chapas de zinc, impacta por su estructura y colores. Uno de sus mayores atractivos es el <strong>Cristo crucificado tallado en madera<\/strong>, elaborado por abor\u00edgenes bajo la gu\u00eda del Padre Salesiano Juan Bernab\u00e9. Un sitio imperdible para quienes disfrutan de la historia y la cultura.<\/p>\n\n\n\n<h3 class=\"wp-block-heading\">El Balc\u00f3n de Roca y su importancia hist\u00f3rica<\/h3>\n\n\n\n<figure class=\"wp-block-image size-full\"><img decoding=\"async\" width=\"1024\" height=\"768\" src=\"https:\/\/www.amerian.com\/wp-content\/uploads\/2018\/04\/Balcon_de_Roca_2011_03_-_panoramio.jpg\" alt=\"Balc\u00f3n de Roca\" class=\"wp-image-22126\" srcset=\"https:\/\/www.amerian.com\/wp-content\/uploads\/2018\/04\/Balcon_de_Roca_2011_03_-_panoramio.jpg 1024w, https:\/\/www.amerian.com\/wp-content\/uploads\/2018\/04\/Balcon_de_Roca_2011_03_-_panoramio-300x225.jpg 300w, https:\/\/www.amerian.com\/wp-content\/uploads\/2018\/04\/Balcon_de_Roca_2011_03_-_panoramio-768x576.jpg 768w\" sizes=\"(max-width: 1024px) 100vw, 1024px\" \/><\/figure>\n\n\n\n<p>Ubicado en Piedrabuena al 50, el <strong><a href=\"https:\/\/www.argentina.gob.ar\/capital-humano\/cultura\/monumentos\/balcon-de-roca\" target=\"_blank\" rel=\"noopener\">Balc\u00f3n de Roca<\/a><\/strong>, hoy convertido en Museo Hist\u00f3rico Nacional, es famoso por haber sido el lugar desde donde el presidente argentino Julio A. Roca habl\u00f3 a la poblaci\u00f3n tras su hist\u00f3rico &#8220;abrazo del Estrecho&#8221; con el presidente chileno Federico Err\u00e1zuriz Ech\u00e1urren en 1899. Un sitio clave para quienes quieran conocer m\u00e1s sobre las relaciones hist\u00f3ricas entre Argentina y Chile.<\/p>\n\n\n\n<h3 class=\"wp-block-heading\">M\u00e1s lugares para descubrir en R\u00edo Gallegos<\/h3>\n\n\n\n<p>Adem\u00e1s de su riqueza hist\u00f3rica, R\u00edo Gallegos ofrece una variedad de espacios naturales y culturales que vale la pena explorar:<\/p>\n\n\n\n<ul class=\"wp-block-list\">\n<li><strong>Reserva Natural Cabo V\u00edrgenes<\/strong>: hogar de una de las colonias de ping\u00fcinos m\u00e1s grandes de la Patagonia. Adem\u00e1s, en esta \u00e1rea se encuentra el ic\u00f3nico faro Cabo V\u00edrgenes, que ha guiado a navegantes por d\u00e9cadas y marca el inicio de la Ruta Nacional 40.<\/li>\n<\/ul>\n\n\n\n<ul class=\"wp-block-list\">\n<li><strong>Parque Nacional Monte Le\u00f3n<\/strong>: un verdadero para\u00edso natural donde es posible observar lobos marinos, cormoranes y una gran diversidad de aves marinas. Sus senderos permiten descubrir imponentes acantilados y playas solitarias.<\/li>\n<\/ul>\n\n\n\n<ul class=\"wp-block-list\">\n<li><strong>Museo de los Pioneros<\/strong>: ubicado en una antigua casona de madera, este museo exhibe objetos y documentos que reflejan la vida de los primeros habitantes de la regi\u00f3n, brindando una mirada \u00fanica sobre el desarrollo de la ciudad.<\/li>\n<\/ul>\n\n\n\n<ul class=\"wp-block-list\">\n<li><strong>Costanera de R\u00edo Gallegos<\/strong>: un paseo esc\u00e9nico a orillas del r\u00edo, ideal para caminatas y actividades recreativas. En la zona tambi\u00e9n se encuentran esculturas y monumentos que narran la historia de la ciudad.<\/li>\n<\/ul>\n\n\n\n<ul class=\"wp-block-list\">\n<li><strong>Laguna Azul<\/strong>: un cr\u00e1ter volc\u00e1nico con aguas de un azul intenso, ubicado a pocos kil\u00f3metros de la ciudad. Es un destino perfecto para hacer senderismo y disfrutar de la tranquilidad del entorno.<\/li>\n<\/ul>\n\n\n\n<ul class=\"wp-block-list\">\n<li><strong>Centro de Interpretaci\u00f3n Estuario del R\u00edo Gallegos<\/strong>: un espacio dedicado a la observaci\u00f3n de aves y la educaci\u00f3n ambiental, donde se pueden conocer especies como el flamenco austral y el playero rojizo.<\/li>\n<\/ul>\n\n\n\n<ul class=\"wp-block-list\">\n<li><strong>Monumento al Piloto &#8220;Tucho&#8221; Braesse<\/strong>: ubicado en la costanera, este homenaje recuerda al aviador que realiz\u00f3 una hazaa\u00f1a a\u00e9rea en la regi\u00f3n, destacando el rol de la aviaci\u00f3n en la Patagonia.<\/li>\n<\/ul>\n\n\n\n<h2 class=\"wp-block-heading\">La gastronom\u00eda de R\u00edo Gallegos: sabores patag\u00f3nicos inolvidables<\/h2>\n\n\n\n<p>Un viaje a R\u00edo Gallegos no est\u00e1 completo sin degustar su exquisita gastronom\u00eda. Entre los platos t\u00edpicos de la regi\u00f3n se destacan:<\/p>\n\n\n\n<ul class=\"wp-block-list\">\n<li><strong>Cordero patag\u00f3nico<\/strong>: preparado a la estaca, con una cocci\u00f3n lenta que realza su sabor y lo hace imperdible para los amantes de la carne.<\/li>\n\n\n\n<li><strong>Centolla<\/strong>: un manjar del Atl\u00e1ntico Sur, servida fresca en ensaladas, gratinada o en empanadas.<\/li>\n\n\n\n<li><strong>Mariscos y pescados<\/strong>: como el r\u00f3balo y la merluza negra, que se pueden disfrutar en diversas preparaciones gourmet.<\/li>\n\n\n\n<li><strong>Dulces regionales<\/strong>: como el calafate, un fruto silvestre utilizado en mermeladas y postres tradicionales.<\/li>\n<\/ul>\n\n\n\n<p>En la ciudad hay numerosos restaurantes y parrillas donde pod\u00e9s probar estas delicias, muchas de ellas con vista al r\u00edo para completar la experiencia.<\/p>\n\n\n\n<h2 class=\"wp-block-heading\">Am\u00e9rian R\u00edo Gallegos Apart &amp; Suites, un lugar para descansar<\/h2>\n\n\n\n<p>El <strong><a href=\"https:\/\/www.amerian.com\/destinos\/amerian-rio-gallegos-apart-suites\/\">Am\u00e9rian R\u00edo Gallegos Apart &amp; Suites<\/a><\/strong> es un hotel de 4 estrellas renovado, ubicado en pleno centro de R\u00edo Gallegos, Santa Cruz, sobre la principal avenida de la ciudad. Ofrece 74 apartamentos amplios y modernos, con comodidades como Wi-Fi gratis, estacionamiento (sujeto a disponibilidad) y desayuno continental. Es ideal tanto para viajes de negocios como para turismo, por su cercan\u00eda al centro comercial, bancos, la Plaza San Mart\u00edn y la Costanera.<\/p>\n\n\n\n<figure class=\"wp-block-image size-full\"><img loading=\"lazy\" decoding=\"async\" width=\"1024\" height=\"674\" src=\"https:\/\/www.amerian.com\/wp-content\/uploads\/2018\/04\/61730355.jpg\" alt=\"Am\u00e9rian R\u00edo Gallegos Apart &amp; Suites\" class=\"wp-image-22129\" srcset=\"https:\/\/www.amerian.com\/wp-content\/uploads\/2018\/04\/61730355.jpg 1024w, https:\/\/www.amerian.com\/wp-content\/uploads\/2018\/04\/61730355-300x197.jpg 300w, https:\/\/www.amerian.com\/wp-content\/uploads\/2018\/04\/61730355-768x506.jpg 768w\" sizes=\"(max-width: 1024px) 100vw, 1024px\" \/><\/figure>\n\n\n\n<p>El hotel tiene diferentes tipos de habitaciones, como la <strong>Suite Matrimonial<\/strong> y la <strong>Suite Twin<\/strong>, que se adaptan a las necesidades de cada hu\u00e9sped. Adem\u00e1s, cuenta con servicios como minibar, TV LCD con cable, caja de seguridad, y un restaurante en el primer piso que ofrece caf\u00e9, s\u00e1ndwiches gourmet y delicatessen. Tambi\u00e9n ofrece servicio a la habitaci\u00f3n y lavander\u00eda con cargo adicional.<\/p>\n\n\n\n<p>Con una calificaci\u00f3n de 9.5 en ubicaci\u00f3n, es un lugar muy bien valorado por su comodidad y la atenci\u00f3n personalizada. Si est\u00e1s buscando un lugar pr\u00e1ctico y c\u00f3modo en R\u00edo Gallegos, el Am\u00e9rian es una excelente opci\u00f3n.<\/p>\n\n\n\n<h2 class=\"wp-block-heading\">\u00a1Disfrut\u00e1 de R\u00edo Gallegos con Am\u00e9rian!<\/h2>\n\n\n\n<p>Ya sea que viajes por trabajo o placer, <strong>Am\u00e9rian R\u00edo Gallegos Apart &amp; Suites<\/strong> te ofrece la comodidad y ubicaci\u00f3n perfecta para descubrir esta fascinante ciudad patag\u00f3nica. Desde su historia y arquitectura hasta las mejores <strong>excursiones en R\u00edo Gallegos<\/strong>, cada rinc\u00f3n est\u00e1 lleno de sorpresas. No te pierdas la oportunidad de conocer este destino \u00fanico y vivir una experiencia inolvidable. \u00a1Te esperamos en Am\u00e9rian!<\/p>\n","protected":false},"excerpt":{"rendered":"<p>Descubrir R\u00edo Gallegos es abrir las puertas de una historia muy rica de inmigrantes, de sacrificio y entrega, de paisajes inmensos y mar azul. En cada esquina, junto a cada personaje de la ciudad, se pueden disfrutar momentos inolvidables. Compartir su arquitectura pionera en la regi\u00f3n y sus leyendas, transforman un viaje en una estad\u00eda con recuerdos para siempre.<\/p>\n","protected":false},"author":2,"featured_media":22120,"comment_status":"open","ping_status":"open","sticky":false,"template":"","format":"standard","meta":{"footnotes":""},"categories":[918,921],"tags":[199],"ubicacion":[51],"localidad":[],"class_list":["post-1645","post","type-post","status-publish","format-standard","has-post-thumbnail","hentry","category-cultura","category-destinos","tag-santa-cruz-rio-gallegos-inmigrantes-pioneros-historia-y-turismo","ubicacion-santa-cruz"],"acf":[],"_links":{"self":[{"href":"https:\/\/www.amerian.com\/en\/wp-json\/wp\/v2\/posts\/1645","targetHints":{"allow":["GET"]}}],"collection":[{"href":"https:\/\/www.amerian.com\/en\/wp-json\/wp\/v2\/posts"}],"about":[{"href":"https:\/\/www.amerian.com\/en\/wp-json\/wp\/v2\/types\/post"}],"author":[{"embeddable":true,"href":"https:\/\/www.amerian.com\/en\/wp-json\/wp\/v2\/users\/2"}],"replies":[{"embeddable":true,"href":"https:\/\/www.amerian.com\/en\/wp-json\/wp\/v2\/comments?post=1645"}],"version-history":[{"count":2,"href":"https:\/\/www.amerian.com\/en\/wp-json\/wp\/v2\/posts\/1645\/revisions"}],"predecessor-version":[{"id":22132,"href":"https:\/\/www.amerian.com\/en\/wp-json\/wp\/v2\/posts\/1645\/revisions\/22132"}],"wp:featuredmedia":[{"embeddable":true,"href":"https:\/\/www.amerian.com\/en\/wp-json\/wp\/v2\/media\/22120"}],"wp:attachment":[{"href":"https:\/\/www.amerian.com\/en\/wp-json\/wp\/v2\/media?parent=1645"}],"wp:term":[{"taxonomy":"category","embeddable":true,"href":"https:\/\/www.amerian.com\/en\/wp-json\/wp\/v2\/categories?post=1645"},{"taxonomy":"post_tag","embeddable":true,"href":"https:\/\/www.amerian.com\/en\/wp-json\/wp\/v2\/tags?post=1645"},{"taxonomy":"ubicacion","embeddable":true,"href":"https:\/\/www.amerian.com\/en\/wp-json\/wp\/v2\/ubicacion?post=1645"},{"taxonomy":"localidad","embeddable":true,"href":"https:\/\/www.amerian.com\/en\/wp-json\/wp\/v2\/localidad?post=1645"}],"curies":[{"name":"wp","href":"https:\/\/api.w.org\/{rel}","templated":true}]}}