{"id":1815,"date":"2018-09-05T15:16:32","date_gmt":"2018-09-05T18:16:32","guid":{"rendered":"https:\/\/www.amerian.com\/devsite\/estancias-jesuiticas-una-aventura-para-viajar-en-el-tiempo\/"},"modified":"2024-11-08T11:40:15","modified_gmt":"2024-11-08T14:40:15","slug":"estancias-jesuiticas-una-aventura-para-viajar-en-el-tiempo","status":"publish","type":"post","link":"https:\/\/www.amerian.com\/en\/estancias-jesuiticas-una-aventura-para-viajar-en-el-tiempo\/","title":{"rendered":"Estancias jesu\u00edticas, una aventura para viajar en el tiempo"},"content":{"rendered":"<p>Cinco antiguas estancias son las que componen el interesante legado dejado por la <strong>orden religiosa de los jesuitas<\/strong>, en <strong>C&oacute;rdoba<\/strong> durante el<strong> siglo XVII.<\/strong><\/p>\n<p>El <strong>valor hist&oacute;rico y cultural <\/strong>que se les atribuye, han sido condiciones de garant&iacute;a para que en el <strong>a&ntilde;o 2000 <\/strong>las <strong>Estancias Jesu&iacute;ticas<\/strong> fuesen declaradas <strong>Patrimonio Cultural de la Humanidad<\/strong> por la <strong>UNESCO.<\/strong><\/p>\n<p>&nbsp;<\/p>\n<blockquote>\n<p>Entre sus construcciones valoradas, las iglesias son las obras arquitect&oacute;nicas m&aacute;s destacadas. &nbsp;<\/p>\n<\/blockquote>\n<p>&nbsp;<\/p>\n<p>Si ten&eacute;s ganas de realizar un <strong>paseo cultural<\/strong> por C&oacute;rdoba, las <strong>Estancias Jesu&iacute;ticas<\/strong> son una buena excusa para conocer diferentes regiones de la provincia y viajar al pasado jesuita. En este post, te contamos algunos datos sobre cada una de ellas para que dise&ntilde;es una ruta de viaje cultural.<\/p>\n<p>&nbsp;<\/p>\n<p><img decoding=\"async\" alt=\"\" src=\"https:\/\/www.amerian.com\/wp-content\/uploads\/2024\/04\/jesuitasfoto.jpg\" style=\"height:800px; width:800px\" \/><\/p>\n<p>&nbsp;<\/p>\n<h2>El n&uacute;cleo estaba en C&oacute;rdoba<\/h2>\n<p>&nbsp;<\/p>\n<p>Partamos de la base. En la <strong>Ciudad de C&oacute;rdoba,<\/strong> a pocas cuadras del <a href=\"https:\/\/www.amerian.com\/hotel\/amerian-cordoba-park-hotel\/\" target=\"_blank\" rel=\"noopener\">Am&eacute;rian C&oacute;rdoba Park Hotel<\/a>, se encuentra la <strong>Manzana Jesu&iacute;tica.<\/strong> Este paseo hist&oacute;rico conformado por un <strong>bloque de edificios <\/strong>de gran importancia patrimonial, fue el n&uacute;cleo jesuita desde el que se administraba y controlaba el funcionamiento de las estancias ubicadas en las afueras de la ciudad.<\/p>\n<p>&nbsp;<\/p>\n<p><img decoding=\"async\" alt=\"\" src=\"https:\/\/www.amerian.com\/wp-content\/uploads\/2024\/04\/manzanajesuiticacordoba.png\" style=\"height:800px; width:800px\" \/><\/p>\n<p>&nbsp;<\/p>\n<h2>Estancia Jesu&iacute;tica de Alta Gracia<\/h2>\n<p>&nbsp;<\/p>\n<p>A <strong>36km <\/strong>de la <strong>Ciudad de C&oacute;rdoba<\/strong> se encuentra <strong>Alta Gracia,<\/strong> una de las ciudades caracter&iacute;sticas del legado jesuita. La <strong>Estancia de Alta Gracia <\/strong>tuvo su origen en el instante en que <strong>Juan Nieto, <\/strong>cofundador de C&oacute;rdoba, recibiera la posesi&oacute;n de las tierras en donde se emplaz&oacute; este edificio. A&ntilde;os m&aacute;s tarde, <strong>Do&ntilde;a Estefan&iacute;a de Casta&ntilde;eda<\/strong> -viuda de Juan Nieto-, se cas&oacute; con <strong>Alonso Nieto de Herrera<\/strong> quien bautiz&oacute; a la estancia como <em><strong>&quot;Alta Gracia&quot; <\/strong><\/em>en honor a la patrona de su pueblo natal en Espa&ntilde;a. Cuando Do&ntilde;a Estefan&iacute;a muri&oacute;, Don Alonso se uni&oacute; a la<strong> Compa&ntilde;&iacute;a de Jes&uacute;s<\/strong> y don&oacute; todas sus tierras a la misi&oacute;n jesu&iacute;tica.<\/p>\n<p>&nbsp;<\/p>\n<blockquote>\n<p>En este terreno, los jesuitas instalaron un establecimiento en donde <strong>producir alimentos para abastecer al colegio M&aacute;ximo,<\/strong> a trav&eacute;s de la agricultura, ganader&iacute;a e industrializaci&oacute;n.<\/p>\n<\/blockquote>\n<p>&nbsp;<\/p>\n<p>Con el tiempo se convirti&oacute; en uno de los rincones m&aacute;s pr&oacute;speros de la provincia.<\/p>\n<p>La estancia posee un gran <strong>valor arquitect&oacute;nico<\/strong> ya que su infraestructura no ha sufrido modificaciones con el correr del tiempo. Cuenta con diecisiete salas de exposici&oacute;n que nos muestran las costumbres de la &eacute;poca adem&aacute;s de la residencia donde viv&iacute;an sacerdotes que ten&iacute;an a cargo la administraci&oacute;n, evangelizaci&oacute;n y ense&ntilde;anza de los oficios.<\/p>\n<p>&nbsp;<\/p>\n<h2>Estancia Jesu&iacute;tica de Jes&uacute;s Mar&iacute;a<\/h2>\n<h2>&nbsp;<\/h2>\n<p>Otra de las joyas arquitect&oacute;nicas de los jesuitas es la <strong>Estancia Jesu&iacute;tica de Jes&uacute;s Mar&iacute;a,<\/strong> que comenz&oacute; a construirse cuando la <strong>Compa&ntilde;&iacute;a de Jes&uacute;s <\/strong>adquiri&oacute; la <strong>&quot;Chacra de Guanusacate&quot;<\/strong>, como en ese momento la denominaban los abor&iacute;genes.<\/p>\n<p>En estas tierras, los jesuitas desarrollaron su <strong>segundo emprendimiento productivo<\/strong> dedicado al cultivo y a la cr&iacute;a de animales. Una caracter&iacute;stica del modus operandi de los jesuitas era <strong>contratar a los abor&iacute;genes <\/strong>de la regi&oacute;n como mano de obra, no s&oacute;lo para la producci&oacute;n agr&iacute;cola-ganadera sino adem&aacute;s, para la construcci&oacute;n de sus edificios.<\/p>\n<p>En esta estancia, se pueden apreciar las amplias galer&iacute;as y los arcos de medio punto que dan cuenta de las caracter&iacute;sticas t&iacute;picas del estilo arquitect&oacute;nico jesuita.&nbsp;<\/p>\n<p>&nbsp;<\/p>\n<p><img decoding=\"async\" alt=\"\" src=\"https:\/\/www.amerian.com\/wp-content\/uploads\/2024\/04\/estructuraaquitectonicaestancia.png\" style=\"height:800px; width:800px\" \/><\/p>\n<p>&nbsp;<\/p>\n<p>A lo largo de sus salones podemos observar c&oacute;mo se llevaban a cabo las actividades en la estancia, los elementos con los que se trabajaba y los que utilizaban los jesuitas para educar a los pobladores de la regi&oacute;n con la Fe cat&oacute;lica.<\/p>\n<p>&nbsp;<\/p>\n<h2>Estancia Jesu&iacute;tica Caroya<\/h2>\n<p>&nbsp;<\/p>\n<p>En <strong>1661<\/strong>, <strong>Ignacio Duarte y Quir&oacute;s<\/strong> transform&oacute; unas tierras en una estancia de producci&oacute;n de ma&iacute;z, trigo, frutas, vino, miel y algarrobo. El nuevo y pr&oacute;spero negocio no solo sirvi&oacute; a los fines econ&oacute;micos sino adem&aacute;s, fue utilizada como <strong>residencia de verano <\/strong>para los alumnos de la Compa&ntilde;&iacute;a de Jes&uacute;s. &nbsp;<\/p>\n<p>&nbsp;<\/p>\n<blockquote>\n<p>Recorrer esta construcci&oacute;n antigua y llena de historia nos permite adentrarnos en la <strong>historia de los jesuitas y sus misiones. <\/strong><\/p>\n<\/blockquote>\n<p>&nbsp;<\/p>\n<p>Dentro de la estancia podemos encontrar la casa central con un patio pintoresco, el claustro con diez habitaciones amobladas seg&uacute;n los estilos de la &eacute;poca &nbsp;y una capilla que data del siglo XVII.<\/p>\n<p>Esta estancia habla adem&aacute;s de la <strong>historia argentina<\/strong> ya que cuando estall&oacute; la guerra de la Independencia, alberg&oacute; la primera f&aacute;brica de armas blancas del <strong>Ej&eacute;rcito del Norte. <\/strong>Tiempo despu&eacute;s, la <strong>Estancia de Caroya <\/strong>pas&oacute; a manos del gobierno nacional. En plena inmigraci&oacute;n europea, el presidente <strong>Nicol&aacute;s Avellaneda<\/strong> propuso que fuera &eacute;ste el <strong>hogar de esos inmigrantes.<\/strong> Espec&iacute;ficamente, aqu&iacute; se alojaban los provenientes de la regi&oacute;n italiana de <strong>Friuli,<\/strong> quienes despu&eacute;s fundaron el asentamiento urbano <strong>Colonia Caroya.<\/strong><\/p>\n<p>&nbsp;<\/p>\n<h2>Estancia Jesu&iacute;tica Santa Catalina<\/h2>\n<h2>&nbsp;<\/h2>\n<p>En <strong>1622<\/strong>, la <strong>Compa&ntilde;&iacute;a de Jes&uacute;s<\/strong> le compr&oacute; a un estanciero de <strong>apellido Frasso<\/strong>n unas tierras ubicadas en la <strong>actual zona de Totoral <\/strong>a <strong>20km de Jes&uacute;s Mar&iacute;a.<\/strong> En ese momento, comenzaron las obras para consolidar el proyecto de erigir una nueva estancia jesu&iacute;tica.<\/p>\n<p>No se conoce con exactitud la fecha en la que se construy&oacute; la <strong>Iglesia<\/strong> y la <strong>Casa,<\/strong> pero el estilo arquitect&oacute;nico cuenta que esta estancia fue realizada en diferentes &eacute;pocas. Algunos registros como la<strong> placa de metal de la fachada, <\/strong>dan cuenta de que la construcci&oacute;n demor&oacute; cien a&ntilde;os. &nbsp;<\/p>\n<p>&nbsp;<\/p>\n<p><img decoding=\"async\" alt=\"\" src=\"https:\/\/www.amerian.com\/wp-content\/uploads\/2024\/04\/estancias-la-candelaria.png\" style=\"height:800px; width:800px\" \/><\/p>\n<p>&nbsp;<\/p>\n<p>Durante los a&ntilde;os de trabajo, diferentes arquitectos participaron de la construcci&oacute;n. De ah&iacute; que el edificio tenga <strong>influencia de varios estilos<\/strong> como el arte <strong>manierista<\/strong> proveniente de Italia, &nbsp;la esencia <strong>barroca<\/strong> del centro de Europa y la influencia<strong> mud&eacute;jar.<\/strong> &Eacute;sta variedad y la armon&iacute;a con la cual se integraron, dan cuenta de los aspectos distintivos de la estancia<strong> Santa Catalina.<\/strong><\/p>\n<p>&nbsp;<\/p>\n<h2>Estancia Jesu&iacute;tica La Candelaria<\/h2>\n<p>&nbsp;<\/p>\n<p><strong>La Candelaria<\/strong> es una de las estancias m&aacute;s extensas dentro del territorio cordob&eacute;s, ubicada en la <strong>actual localidad de Cruz del Eje.<\/strong> Por merced real estas tierras pertenecieron a <strong>Don Garc&iacute;a de Vera y Mujica<\/strong>. A&ntilde;os m&aacute;s tarde fueron heredadas por su hijo <strong>Francisco Javier,<\/strong> quien don&oacute; el establecimiento a la <strong>Compa&ntilde;&iacute;a de Jes&uacute;s<\/strong> en <strong>1673.<\/strong><\/p>\n<p>Los jesuitas construyeron los edificios necesarios para el funcionamiento de la estancia, que se convirti&oacute; en un <strong>importe centro de producci&oacute;n agropecuaria.&nbsp;<\/strong><\/p>\n<p>&nbsp;<\/p>\n<p><img decoding=\"async\" alt=\"\" src=\"https:\/\/www.amerian.com\/wp-content\/uploads\/2024\/04\/estanciajesuiticafoto.jpg\" style=\"height:800px; width:800px\" \/><\/p>\n<p>&nbsp;<\/p>\n<p>La construcci&oacute;n cuenta con un primer patio rodeado por las habitaciones destinadas a los religiosos y un segundo patio con dep&oacute;sito, talleres de trabajo y una capilla.<\/p>\n<p>Despu&eacute;s de la expulsi&oacute;n de los jesuitas, la <strong>Junta de Temporalidades <\/strong>orden&oacute; su fraccionamiento. En <strong>1941,<\/strong> la estancia fue declarada <strong>Monumento Hist&oacute;rico Nacion<\/strong>al y el <strong>gobierno <\/strong>adquiri&oacute; su posesi&oacute;n en<strong> 1982.<\/strong><\/p>\n<p>&nbsp;<\/p>\n<h2>San Ignacio, la estancia que qued&oacute; en el olvido<\/h2>\n<h2>&nbsp;<\/h2>\n<p>Al comienzo de este post hablamos de <strong>cinco estancias<\/strong> que conforman el <strong>legado jesuita en C&oacute;rdoba.<\/strong> Sin embargo,<strong> la historia <\/strong>nos habla de una m&aacute;s que <strong>no lleg&oacute; a ser <\/strong>considerada <strong>patrimonio.<\/strong><\/p>\n<p>La <strong>Estancia Jesu&iacute;tica de San Ignacio,<\/strong> ubicada en el <strong>Valle de Calamuchita,<\/strong> fue la &uacute;ltima en construirse y la &uacute;nica en derrumbarse casi en su totalidad. La <strong>Compa&ntilde;&iacute;a <\/strong>buscaba, un lugar espec&iacute;fico donde llevar a cabo sus <strong>ejercicios espirituales,<\/strong> ya que a&uacute;n no dispon&iacute;an de un espacio propio.<\/p>\n<p>Sus escasos vestigios materiales, no permitieron que fuese incluida en la declaraci&oacute;n de patrimonio otorgada por la <strong>UNESCO.<\/strong> El casco ya no existe y las ruinas muy desperdigadas <strong>no llegan al 15 por ciento <\/strong>de lo que alguna vez fue.<\/p>\n<p>&nbsp;<\/p>\n<p>Recorrer todas las estancias <strong>no es cuesti&oacute;n de un d&iacute;a.<\/strong> Sin embargo, es una experiencia cultural enriquecedora que nos conecta con la <strong>historia de las regiones<\/strong> y del <strong>legado de los jesuitas. <\/strong><em>&iquest;Qu&eacute; esper&aacute;s para iniciar esta aventura?<\/em><\/p>\n<p>&nbsp;<\/p>\n","protected":false},"excerpt":{"rendered":"<p>Gran parte de la historia de C\u00f3rdoba est\u00e1 escrita por el legado de los asentamientos jesuitas en la regi\u00f3n. Un paseo indiscutido para recorrer diferentes regiones de la provincia y conectarse con la cultura jesuita, es la visita a las diferentes estancias.<\/p>\n","protected":false},"author":2,"featured_media":1822,"comment_status":"open","ping_status":"open","sticky":false,"template":"","format":"standard","meta":{"footnotes":""},"categories":[918],"tags":[328,329,331,332,333,330,325,326,327],"ubicacion":[47],"localidad":[],"class_list":["post-1815","post","type-post","status-publish","format-standard","has-post-thumbnail","hentry","category-cultura","tag-estancia-alta-gracia","tag-estancia-caroya","tag-estancia-jesus-maria","tag-estancia-la-candelaria","tag-estancia-san-ignacio","tag-estancia-santa-catalina","tag-estancias-jesuiticas","tag-jesuitas","tag-misiones-jesuiticas","ubicacion-cordoba"],"acf":[],"_links":{"self":[{"href":"https:\/\/www.amerian.com\/en\/wp-json\/wp\/v2\/posts\/1815","targetHints":{"allow":["GET"]}}],"collection":[{"href":"https:\/\/www.amerian.com\/en\/wp-json\/wp\/v2\/posts"}],"about":[{"href":"https:\/\/www.amerian.com\/en\/wp-json\/wp\/v2\/types\/post"}],"author":[{"embeddable":true,"href":"https:\/\/www.amerian.com\/en\/wp-json\/wp\/v2\/users\/2"}],"replies":[{"embeddable":true,"href":"https:\/\/www.amerian.com\/en\/wp-json\/wp\/v2\/comments?post=1815"}],"version-history":[{"count":1,"href":"https:\/\/www.amerian.com\/en\/wp-json\/wp\/v2\/posts\/1815\/revisions"}],"predecessor-version":[{"id":1821,"href":"https:\/\/www.amerian.com\/en\/wp-json\/wp\/v2\/posts\/1815\/revisions\/1821"}],"wp:featuredmedia":[{"embeddable":true,"href":"https:\/\/www.amerian.com\/en\/wp-json\/wp\/v2\/media\/1822"}],"wp:attachment":[{"href":"https:\/\/www.amerian.com\/en\/wp-json\/wp\/v2\/media?parent=1815"}],"wp:term":[{"taxonomy":"category","embeddable":true,"href":"https:\/\/www.amerian.com\/en\/wp-json\/wp\/v2\/categories?post=1815"},{"taxonomy":"post_tag","embeddable":true,"href":"https:\/\/www.amerian.com\/en\/wp-json\/wp\/v2\/tags?post=1815"},{"taxonomy":"ubicacion","embeddable":true,"href":"https:\/\/www.amerian.com\/en\/wp-json\/wp\/v2\/ubicacion?post=1815"},{"taxonomy":"localidad","embeddable":true,"href":"https:\/\/www.amerian.com\/en\/wp-json\/wp\/v2\/localidad?post=1815"}],"curies":[{"name":"wp","href":"https:\/\/api.w.org\/{rel}","templated":true}]}}