{"id":1840,"date":"2018-09-17T09:25:52","date_gmt":"2018-09-17T12:25:52","guid":{"rendered":"https:\/\/www.amerian.com\/devsite\/amerian-cordoba-park-y-las-innovaciones-en-rse\/"},"modified":"2024-11-08T11:40:15","modified_gmt":"2024-11-08T14:40:15","slug":"amerian-cordoba-park-y-las-innovaciones-en-rse","status":"publish","type":"post","link":"https:\/\/www.amerian.com\/en\/amerian-cordoba-park-y-las-innovaciones-en-rse\/","title":{"rendered":"Am\u00e9rian C\u00f3rdoba Park y las innovaciones en RSE"},"content":{"rendered":"<p>El <strong>Turismo Sustentable<\/strong> es un modelo que <strong>satisface las necesidades<\/strong> de los turistas y de los destinos, protegiendo las oportunidades del futuro. Como respuesta a esta tendencia, <a href=\"https:\/\/www.amerian.com\/hotel\/amerian-cordoba-park-hotel\/\" target=\"_blank\" rel=\"noopener\">Am&eacute;rian C&oacute;rdoba Park Hotel<\/a> ha realizado diferentes <strong>ajustes<\/strong> en su infraestructura y mecanismos de trabajo, adem&aacute;s de <strong>adherirse <\/strong>a programas de <strong>Responsabilidad Social Empresaria.<\/strong><\/p>\n<p>&nbsp;<\/p>\n<p><img decoding=\"async\" alt=\"\" src=\"https:\/\/www.amerian.com\/wp-content\/uploads\/2024\/04\/acphfotoprincipal.png\" style=\"height:800px; width:800px\" \/><\/p>\n<p>&nbsp;<\/p>\n<h2>Tendencia eco-sustentable<\/h2>\n<p>&nbsp;<\/p>\n<p>La totalidad de las habitaciones del hotel cuenta con<strong> luminaria LED, <\/strong>el sistema de <strong>iluminaci&oacute;n ecol&oacute;gica de bajo consumo <\/strong>que permite un importante ahorro energ&eacute;tico y tiene mayor duraci&oacute;n que las l&aacute;mparas convencionales. <strong>Diego Flores,<\/strong> <em>Coordinador de Am&eacute;rian C&oacute;rdoba Park Hotel,<\/em> comenta que el cambio de sistema lum&iacute;nico comenz&oacute; en 2017 con las l&aacute;mparas y ara&ntilde;as del lobby del hotel y se complet&oacute; en su totalidad, este a&ntilde;o.<\/p>\n<p>&nbsp;<\/p>\n<p><img decoding=\"async\" alt=\"\" src=\"https:\/\/www.amerian.com\/wp-content\/uploads\/2024\/04\/LUCESLEDAMERIAN.jpg\" style=\"height:800px; width:800px\" \/><\/p>\n<p>&nbsp;<\/p>\n<p>En relaci&oacute;n a las <strong>pol&iacute;ticas eco sustentables,<\/strong> el <strong>ahorro de papel<\/strong> fue una medida de suma importancia en el desarrollo del programa. <strong>Flores<\/strong> cuenta que &nbsp;<em>&ldquo;desde el &aacute;rea de Marketing, est&aacute;n dise&ntilde;ando un nuevo directorio que incluya informaci&oacute;n sobre el <strong>Programa de Sustentabilidad <\/strong>e informaci&oacute;n de los servicios&rdquo;. <\/em>La unificaci&oacute;n de ambos, generar&iacute;a un <strong>importante ahorro en el uso de papel<\/strong> ya que previamente se contaba con dos directorios por separado.<\/p>\n<p>&nbsp;<\/p>\n<p><img decoding=\"async\" alt=\"\" src=\"https:\/\/www.amerian.com\/wp-content\/uploads\/2024\/04\/pepelesreciclaje.jpg\" \/><\/p>\n<p>&nbsp;<\/p>\n<p>Con respecto a la <strong>limpieza y aseo de los espacios,<\/strong> <strong>Flores <\/strong>aclara que la compra de los insumos utilizados se hace en funci&oacute;n del <strong>asesoramiento<\/strong> recibido por los <strong>Licenciados en Seguridad e Higiene.<\/strong> <em>&ldquo;Todos los productos que utilizan las mucamas y los l&iacute;quidos que se utilizan en el lavadero, tienen su correspondiente <strong>ficha de seguridad sobre los cuidados<\/strong> que se deben tener con estos productos&rdquo;.<\/em><\/p>\n<p>Adem&aacute;s, los <strong>cestos de basura<\/strong> instalados en las diferentes dependencias del hotel est&aacute;n <strong>etiquetados<\/strong> seg&uacute;n los materiales que se pueden desechar all&iacute;.<\/p>\n<p>&nbsp;<\/p>\n<p><img decoding=\"async\" alt=\"\" src=\"https:\/\/www.amerian.com\/wp-content\/uploads\/2024\/04\/cestos-de-basura.png\" style=\"height:800px; width:800px\" \/><\/p>\n<p>&nbsp;<\/p>\n<p>Tambi&eacute;n, se actualiz&oacute; lo referente a<strong> se&ntilde;alizaciones,<\/strong> como carteles de salida, salidas de emergencias, tableros el&eacute;ctricos, entre otros.<\/p>\n<p>&nbsp;<\/p>\n<h2>Pol&iacute;ticas de reciclaje<\/h2>\n<p>&nbsp;<\/p>\n<p><strong>Bruno Picazzo,<\/strong> <em>Ejecutivo de Cuentas de Am&eacute;rian Hoteles,<\/em> se encarga de coordinar el<strong> programa de &ldquo;Recolecci&oacute;n de Tapitas&rdquo;<\/strong> promovido por la <strong>Asociaci&oacute;n de Hoteles de Turismo (AHT).<\/strong> <em>&ldquo;Esta acci&oacute;n tiene por objetivo colaborar con la <strong>&ldquo;Marat&oacute;n de Tapitas&rdquo; <\/strong>impulsada por el <strong>Hospital Infantil de Alta C&oacute;rdoba. <\/strong>Todas las tapitas pl&aacute;sticas que se recolectan las venden a una empresa recicladora y con esos fondos, <strong>se sustentan los proyectos<\/strong> y programas de dicha asociaci&oacute;n&rdquo;<\/em>, cuenta.<\/p>\n<p>&nbsp;<\/p>\n<p><img decoding=\"async\" alt=\"\" src=\"https:\/\/www.amerian.com\/wp-content\/uploads\/2024\/04\/tapasreciclaje.jpg\" \/><\/p>\n<p>&nbsp;<\/p>\n<p><strong>Am&eacute;rian C&oacute;rdoba Park Hotel<\/strong> comenz&oacute; a participar de este programa en <strong>2017. <\/strong>La entrega de lo recolectado se realiza una vez al a&ntilde;o, en el mes de septiembre, cuando finaliza la campa&ntilde;a iniciada en mayo.<\/p>\n<p>&nbsp;<\/p>\n<p>El <strong>compromiso de Am&eacute;rian<\/strong> se suma a la gran cantidad de empresas cordobesas que colaboran con la causa del <strong>Hospital Infantil. <\/strong>Adem&aacute;s, comenta que como estrategia para fomentar la participaci&oacute;n en esta campa&ntilde;a <em>&ldquo;la caja de recolecci&oacute;n est&aacute; en el lobby a la vista de todos. Y los recepcionistas y cadetes incitan a los hu&eacute;spedes&#8230;&rdquo;<\/em> a depositar sus tapitas.<\/p>\n<p>&nbsp;<\/p>\n<p><img decoding=\"async\" alt=\"\" src=\"https:\/\/www.amerian.com\/wp-content\/uploads\/2024\/04\/recolecciondetapitasfotos.jpg\" style=\"height:800px; width:800px\" \/><\/p>\n<p>&nbsp;<\/p>\n<p>El <strong>Programa de Sustentabilidad <\/strong>ha ido creciendo y adquiriendo mayor importancia dentro de la cadena para generar un <strong>servicio de mayor calidad y compromiso<\/strong> con la actividad que llevamos a cabo.<\/p>\n<p>Actualmente, <a href=\"https:\/\/www.amerian.com\/hotel\/amerian-cordoba-park-hotel\/\" target=\"_blank\" rel=\"noopener\">Am&eacute;rian C&oacute;rdoba Park Hotel<\/a> est&aacute; trabajando en sus <strong>certificaciones<\/strong> y proyecta pasar a<strong> nivel Plata <\/strong>en los pr&oacute;ximos meses (en 2016, fue el primer hotel en la ciudad en certificar el nivel inicial Bronce). Este t&iacute;tulo es otorgado por la<strong> Asociaci&oacute;n de Hoteles de Turismo (AHT) <\/strong>y validado por el <strong>Instituto Argentino de Normalizaci&oacute;n y Certificaci&oacute;n (IRAM).<\/strong><\/p>\n<p>&nbsp;<\/p>\n<p><img decoding=\"async\" alt=\"\" src=\"https:\/\/www.amerian.com\/wp-content\/uploads\/2024\/04\/ILUMINARIALEDAMERIAN.jpg\" style=\"height:800px; width:800px\" \/><\/p>\n<p>&nbsp;<\/p>\n<p>La tendencia evidencia una <strong>proyecci&oacute;n creciente<\/strong> de las<strong> pol&iacute;ticas sustentables <\/strong>en nuestros hoteles cordobeses y en la &nbsp;toda la cadena, como acciones que&nbsp;denotan respeto y compromiso con el servicio que brindamos.<\/p>\n<p>&nbsp;<\/p>\n<hr \/>\n<p>Texto: Luciano Zahradnicek<\/p>\n","protected":false},"excerpt":{"rendered":"<p>Como parte del programa de sustentabilidad que llevamos a cabo en nuestra cadena de hoteles, Am\u00e9rian C\u00f3rdoba Park Hotel ha innovado con una serie de medidas que fomentan la preservaci\u00f3n de los recursos naturales y humanos que intervienen en el desempe\u00f1o de las labores diarias. En este post te contamos cu\u00e1les son las nuevas pol\u00edticas de trabajo.<\/p>\n","protected":false},"author":2,"featured_media":1849,"comment_status":"open","ping_status":"open","sticky":false,"template":"","format":"standard","meta":{"footnotes":""},"categories":[924],"tags":[344,322,345,343,185],"ubicacion":[47],"localidad":[],"class_list":["post-1840","post","type-post","status-publish","format-standard","has-post-thumbnail","hentry","category-noticias","tag-amerian-cordoba-park","tag-eco-sustentable","tag-reciclaje","tag-rse","tag-sustentabilidad","ubicacion-cordoba"],"acf":[],"_links":{"self":[{"href":"https:\/\/www.amerian.com\/en\/wp-json\/wp\/v2\/posts\/1840","targetHints":{"allow":["GET"]}}],"collection":[{"href":"https:\/\/www.amerian.com\/en\/wp-json\/wp\/v2\/posts"}],"about":[{"href":"https:\/\/www.amerian.com\/en\/wp-json\/wp\/v2\/types\/post"}],"author":[{"embeddable":true,"href":"https:\/\/www.amerian.com\/en\/wp-json\/wp\/v2\/users\/2"}],"replies":[{"embeddable":true,"href":"https:\/\/www.amerian.com\/en\/wp-json\/wp\/v2\/comments?post=1840"}],"version-history":[{"count":1,"href":"https:\/\/www.amerian.com\/en\/wp-json\/wp\/v2\/posts\/1840\/revisions"}],"predecessor-version":[{"id":1848,"href":"https:\/\/www.amerian.com\/en\/wp-json\/wp\/v2\/posts\/1840\/revisions\/1848"}],"wp:featuredmedia":[{"embeddable":true,"href":"https:\/\/www.amerian.com\/en\/wp-json\/wp\/v2\/media\/1849"}],"wp:attachment":[{"href":"https:\/\/www.amerian.com\/en\/wp-json\/wp\/v2\/media?parent=1840"}],"wp:term":[{"taxonomy":"category","embeddable":true,"href":"https:\/\/www.amerian.com\/en\/wp-json\/wp\/v2\/categories?post=1840"},{"taxonomy":"post_tag","embeddable":true,"href":"https:\/\/www.amerian.com\/en\/wp-json\/wp\/v2\/tags?post=1840"},{"taxonomy":"ubicacion","embeddable":true,"href":"https:\/\/www.amerian.com\/en\/wp-json\/wp\/v2\/ubicacion?post=1840"},{"taxonomy":"localidad","embeddable":true,"href":"https:\/\/www.amerian.com\/en\/wp-json\/wp\/v2\/localidad?post=1840"}],"curies":[{"name":"wp","href":"https:\/\/api.w.org\/{rel}","templated":true}]}}