{"id":30728,"date":"2026-08-10T23:29:57","date_gmt":"2026-08-11T02:29:57","guid":{"rendered":"https:\/\/www.amerian.com\/?p=30728"},"modified":"2026-09-02T08:25:18","modified_gmt":"2026-09-02T11:25:18","slug":"eventos-en-merit-parque-leloir","status":"publish","type":"post","link":"https:\/\/www.amerian.com\/en\/eventos-en-merit-parque-leloir\/","title":{"rendered":"Eventos en Parque Leloir: celebr\u00e1 rodeado de bosque en M\u00e9rit Parque Leloir"},"content":{"rendered":"<p><img fetchpriority=\"high\" decoding=\"async\" class=\"alignnone wp-image-30729 size-full\" src=\"https:\/\/www.amerian.com\/wp-content\/uploads\/2026\/09\/hotel-merit-leloir-fachada-1024x768-1.jpeg\" alt=\"eventos en parque leloir\" width=\"1024\" height=\"768\" srcset=\"https:\/\/www.amerian.com\/wp-content\/uploads\/2026\/09\/hotel-merit-leloir-fachada-1024x768-1.jpeg 1024w, https:\/\/www.amerian.com\/wp-content\/uploads\/2026\/09\/hotel-merit-leloir-fachada-1024x768-1-300x225.jpeg 300w, https:\/\/www.amerian.com\/wp-content\/uploads\/2026\/09\/hotel-merit-leloir-fachada-1024x768-1-768x576.jpeg 768w\" sizes=\"(max-width: 1024px) 100vw, 1024px\" \/><\/p>\n<p><i><span style=\"font-weight: 400;\">Un sal\u00f3n \u00edntimo, una terraza con vista al bosque y cocina propia a metros de la Autopista del Oeste. As\u00ed es celebrar un evento en M\u00e9rit Parque Leloir, sin necesidad de ser hu\u00e9sped.<\/span><\/i><\/p>\n<p><span style=\"font-weight: 400;\">Parque Leloir tiene algo que el resto del conurbano oeste envidia: el verde. Calles arboladas, casas bajas entre el follaje y un ritmo que baja varios cambios apenas se cruza la entrada al barrio. Es el marco ideal para un evento que se quiere distinto \u2014m\u00e1s tranquilo, m\u00e1s natural, m\u00e1s cuidado\u2014, y ah\u00ed es donde <\/span><b>M\u00e9rit Parque Leloir<\/b><span style=\"font-weight: 400;\"> entra en escena.<\/span><\/p>\n<p><span style=\"font-weight: 400;\">Ubicado en el coraz\u00f3n verde del barrio, a pocos minutos de la Autopista del Oeste y con acceso r\u00e1pido desde CABA y todo el oeste bonaerense, el hotel ofrece un espacio para eventos que combina dos cosas dif\u00edciles de encontrar juntas: la log\u00edstica de un hotel profesional y la calma de un bosque. Y un dato que conviene dejar claro desde el arranque: <\/span><b>no hace falta ser hu\u00e9sped para celebrar tu evento ac\u00e1<\/b><span style=\"font-weight: 400;\">. El sal\u00f3n, la gastronom\u00eda y la terraza est\u00e1n disponibles para quien quiera reservarlos.<\/span><\/p>\n<h3><b>Un sal\u00f3n pensado para eventos \u00edntimos y corporativos<\/b><\/h3>\n<p><span style=\"font-weight: 400;\">El coraz\u00f3n de la propuesta es el <\/span><b>SUM (Sal\u00f3n de Usos M\u00faltiples)<\/b><span style=\"font-weight: 400;\">, un espacio de <\/span><b>30 m\u00b2<\/b><span style=\"font-weight: 400;\"> ideal para reuniones de trabajo, capacitaciones, presentaciones y celebraciones de grupo reducido. No es un sal\u00f3n de fiestas masivas, y esa es justamente su virtud: est\u00e1 calibrado para encuentros donde cada persona importa y el detalle se nota.<\/span><\/p>\n<p><span style=\"font-weight: 400;\">Su capacidad se adapta al formato que necesites:<\/span><\/p>\n<table class=\" aligncenter\">\n<tbody>\n<tr>\n<td style=\"text-align: left;\"><b>Formato<\/b><\/td>\n<td><b>Capacidad<\/b><\/td>\n<\/tr>\n<tr>\n<td><b>Auditorio<\/b><\/td>\n<td><span style=\"font-weight: 400;\">20 personas<\/span><\/td>\n<\/tr>\n<tr>\n<td><b>C\u00f3ctel<\/b><\/td>\n<td><span style=\"font-weight: 400;\">20 personas<\/span><\/td>\n<\/tr>\n<tr>\n<td><b>Imperial<\/b><\/td>\n<td><span style=\"font-weight: 400;\">16 personas<\/span><\/td>\n<\/tr>\n<tr>\n<td><b>Escuela<\/b><\/td>\n<td><span style=\"font-weight: 400;\">15 personas<\/span><\/td>\n<\/tr>\n<tr>\n<td><b>Montaje en U<\/b><\/td>\n<td><span style=\"font-weight: 400;\">15 personas<\/span><\/td>\n<\/tr>\n<\/tbody>\n<\/table>\n<p><span style=\"font-weight: 400;\">Esta flexibilidad de armado permite pasar de una capacitaci\u00f3n en formato escuela a una reuni\u00f3n de directorio en imperial, o a un brindis de fin de a\u00f1o en formato c\u00f3ctel, usando el mismo espacio con una disposici\u00f3n distinta.<\/span><\/p>\n<h3><b>Todo resuelto: los servicios del sal\u00f3n<\/b><\/h3>\n<p><span style=\"font-weight: 400;\">Organizar un evento es, sobre todo, no tener que preocuparse por la infraestructura. El SUM de M\u00e9rit Parque Leloir llega con todo incluido para que vos te concentres en tus invitados:<\/span><\/p>\n<ul>\n<li style=\"font-weight: 400;\" aria-level=\"1\"><b>Sal\u00f3n climatizado<\/b><span style=\"font-weight: 400;\"> y conexi\u00f3n a internet.<\/span><\/li>\n<li style=\"font-weight: 400;\" aria-level=\"1\"><b>Smart TV 55&#8243;<\/b><span style=\"font-weight: 400;\"> y sistema de audio y sonido, listos para presentaciones.<\/span><\/li>\n<li style=\"font-weight: 400;\" aria-level=\"1\"><b>Manteler\u00eda, vajilla y cristaler\u00eda<\/b><span style=\"font-weight: 400;\"> completas.<\/span><\/li>\n<li style=\"font-weight: 400;\" aria-level=\"1\"><b>Mozos y recepcionistas<\/b><span style=\"font-weight: 400;\"> durante el evento.<\/span><\/li>\n<li style=\"font-weight: 400;\" aria-level=\"1\"><b>Servicio de catering<\/b><span style=\"font-weight: 400;\"> propio.<\/span><\/li>\n<li style=\"font-weight: 400;\" aria-level=\"1\"><b>Servicio de guardarropa<\/b><span style=\"font-weight: 400;\"> y ba\u00f1os privados.<\/span><\/li>\n<\/ul>\n<p><span style=\"font-weight: 400;\">Es decir: lleg\u00e1s, y el equipo del hotel se encarga del resto.<\/span><\/p>\n<h3><b>La estrella: una terraza con vista al bosque<\/b><\/h3>\n<p><span style=\"font-weight: 400;\">Si algo distingue a este hotel de cualquier sal\u00f3n de eventos convencional, es la altura. La propuesta gastron\u00f3mica funciona en el <\/span><b>4\u00b0 Piso<\/b><span style=\"font-weight: 400;\">, ubicado en la terraza del hotel, con <\/span><b>vistas privilegiadas al bosque de Parque Leloir<\/b><span style=\"font-weight: 400;\">.<\/span><\/p>\n<p><span style=\"font-weight: 400;\">Imagin\u00e1 un brindis con el verde de las copas de los \u00e1rboles como fondo, la luz de la tarde cayendo sobre la arboleda y una copa en la mano. Esa postal \u2014celebrar literalmente por encima del bosque\u2014 es lo que ning\u00fan sal\u00f3n cerrado del conurbano puede ofrecer. Para un aniversario, un cumplea\u00f1os o un evento de empresa que busca dejar una impresi\u00f3n, la terraza es el argumento decisivo.<\/span><\/p>\n<p><span style=\"font-weight: 400;\">Celebrar por encima de las copas de los \u00e1rboles, con el bosque de Parque Leloir de fondo: esa vista es algo que ning\u00fan sal\u00f3n cerrado puede darte.<\/span><\/p>\n<h3><b>Gastronom\u00eda propia con sabor argentino<\/b><\/h3>\n<p><img decoding=\"async\" class=\"alignnone wp-image-30738 size-full\" src=\"https:\/\/www.amerian.com\/wp-content\/uploads\/2026\/09\/MPLH-10-1024x682-1.webp\" alt=\"piso 4 parque leloir\" width=\"1024\" height=\"682\" srcset=\"https:\/\/www.amerian.com\/wp-content\/uploads\/2026\/09\/MPLH-10-1024x682-1.webp 1024w, https:\/\/www.amerian.com\/wp-content\/uploads\/2026\/09\/MPLH-10-1024x682-1-300x200.webp 300w, https:\/\/www.amerian.com\/wp-content\/uploads\/2026\/09\/MPLH-10-1024x682-1-768x512.webp 768w\" sizes=\"(max-width: 1024px) 100vw, 1024px\" \/><\/p>\n<p><span style=\"font-weight: 400;\">El restaurante <\/span><b>4\u00b0 Piso<\/b><span style=\"font-weight: 400;\"> no es un catering tercerizado: es la cocina del propio hotel. Su men\u00fa recorre los sabores m\u00e1s destacados de la cocina argentina, construyendo una experiencia culinaria que acompa\u00f1a la vista sin competir con ella.<\/span><\/p>\n<p><span style=\"font-weight: 400;\">Contar con gastronom\u00eda propia tiene una ventaja concreta para quien organiza: un solo interlocutor para el sal\u00f3n y la comida, coherencia entre el servicio y el espacio, y la posibilidad de coordinar todo \u2014armado, men\u00fa, tiempos\u2014 con un mismo equipo. Pod\u00e9s consultar la carta completa del restaurante para dise\u00f1ar la propuesta de tu evento a medida.<\/span><\/p>\n<h3><b>\u00bfQu\u00e9 eventos pod\u00e9s hacer en M\u00e9rit Parque Leloir?<\/b><\/h3>\n<p><img decoding=\"async\" class=\"alignnone wp-image-30735 size-full\" src=\"https:\/\/www.amerian.com\/wp-content\/uploads\/2026\/09\/Carrousell-web-ok-horizontal-2-2-1024x682-1.png\" alt=\"parque leloir sum\" width=\"1024\" height=\"682\" srcset=\"https:\/\/www.amerian.com\/wp-content\/uploads\/2026\/09\/Carrousell-web-ok-horizontal-2-2-1024x682-1.png 1024w, https:\/\/www.amerian.com\/wp-content\/uploads\/2026\/09\/Carrousell-web-ok-horizontal-2-2-1024x682-1-300x200.png 300w, https:\/\/www.amerian.com\/wp-content\/uploads\/2026\/09\/Carrousell-web-ok-horizontal-2-2-1024x682-1-768x512.png 768w\" sizes=\"(max-width: 1024px) 100vw, 1024px\" \/><\/p>\n<p><span style=\"font-weight: 400;\">La combinaci\u00f3n de sal\u00f3n flexible, gastronom\u00eda propia y terraza con vista abre el juego a muchos formatos:<\/span><\/p>\n<ul>\n<li style=\"font-weight: 400;\" aria-level=\"1\"><b>Eventos corporativos:<\/b><span style=\"font-weight: 400;\"> reuniones de directorio, capacitaciones, workshops y presentaciones de producto, aprovechando la cercan\u00eda a los parques industriales y polos de oficinas de la zona.<\/span><\/li>\n<li style=\"font-weight: 400;\" aria-level=\"1\"><b>Celebraciones familiares:<\/b><span style=\"font-weight: 400;\"> cumplea\u00f1os, aniversarios y brindis \u00edntimos con la comodidad de un hotel.<\/span><\/li>\n<li style=\"font-weight: 400;\" aria-level=\"1\"><b>Encuentros de fin de a\u00f1o:<\/b><span style=\"font-weight: 400;\"> cierres de equipo o cenas empresariales en formato c\u00f3ctel sobre la terraza.<\/span><\/li>\n<li style=\"font-weight: 400;\" aria-level=\"1\"><b>Reuniones sociales:<\/b><span style=\"font-weight: 400;\"> despedidas, festejos y encuentros que ganan con un marco natural y un servicio profesional.<\/span><\/li>\n<\/ul>\n<h3><b>C\u00f3mo reservar tu evento<\/b><\/h3>\n<p><img loading=\"lazy\" decoding=\"async\" class=\"alignnone wp-image-30732 size-full\" src=\"https:\/\/www.amerian.com\/wp-content\/uploads\/2026\/09\/4topiso-1024x576-1.jpg\" alt=\"amerian leloir hotel\" width=\"1024\" height=\"576\" srcset=\"https:\/\/www.amerian.com\/wp-content\/uploads\/2026\/09\/4topiso-1024x576-1.jpg 1024w, https:\/\/www.amerian.com\/wp-content\/uploads\/2026\/09\/4topiso-1024x576-1-300x169.jpg 300w, https:\/\/www.amerian.com\/wp-content\/uploads\/2026\/09\/4topiso-1024x576-1-768x432.jpg 768w\" sizes=\"(max-width: 1024px) 100vw, 1024px\" \/><\/p>\n<p><span style=\"font-weight: 400;\">Reservar es simple, y no requiere ser hu\u00e9sped del hotel. Pod\u00e9s completar el formulario de eventos en la web del hotel \u2014donde consult\u00e1s tarifas especiales para grupos indicando fecha y cantidad de personas\u2014 o escribir directamente por WhatsApp para coordinar una visita al sal\u00f3n y ver la terraza en persona.<\/span><\/p>\n<p><span style=\"font-weight: 400;\">Un consejo: para eventos con fecha marcada (fin de a\u00f1o, aniversarios, fechas especiales), conviene consultar con anticipaci\u00f3n, porque un sal\u00f3n de capacidad acotada se reserva r\u00e1pido.<\/span><\/p>\n<p><b>M\u00e9rit Parque Leloir<\/b><span style=\"font-weight: 400;\"> \u2014 Mart\u00edn Fierro 2945, Ituzaing\u00f3, Provincia de Buenos Aires. A 6,8 km de Plaza Oeste Shopping y con acceso directo desde la Autopista del Oeste.<\/span><\/p>\n<p><b>\u2192<\/b><a href=\"https:\/\/www.amerian.com\/destinos\/merit-parque-leloir-hotel\/\"> <b>Consult\u00e1 por tu evento en M\u00e9rit Parque Leloir<\/b><\/a><\/p>\n<p><span style=\"font-weight: 400;\">Si busc\u00e1s un lugar que combine naturaleza, buena mesa y la tranquilidad de que un equipo profesional se ocupe de todo, tu pr\u00f3ximo evento tiene direcci\u00f3n: el coraz\u00f3n verde de Parque Leloir.<\/span><\/p>\n","protected":false},"excerpt":{"rendered":"<p>Un sal\u00f3n \u00edntimo, una terraza con vista al bosque y cocina propia a metros de la Autopista del Oeste. As\u00ed es celebrar un evento en M\u00e9rit Parque Leloir, sin necesidad de ser hu\u00e9sped. Parque Leloir tiene algo que el resto del conurbano oeste envidia: el verde. Calles arboladas, casas bajas entre el follaje y un ritmo que baja varios cambios apenas se cruza la entrada al barrio. Es el marco ideal para un evento que se quiere distinto \u2014m\u00e1s tranquilo, m\u00e1s natural, m\u00e1s cuidado\u2014, y ah\u00ed es donde M\u00e9rit Parque Leloir entra en escena. Ubicado en el coraz\u00f3n verde del barrio, a pocos minutos de la Autopista del Oeste y con acceso r\u00e1pido desde CABA y todo el oeste bonaerense, el hotel ofrece un espacio para eventos que combina dos cosas dif\u00edciles de encontrar juntas: la log\u00edstica de un hotel profesional y la calma de un bosque. Y un dato que conviene dejar claro desde el arranque: no hace falta ser hu\u00e9sped para celebrar tu evento ac\u00e1. El sal\u00f3n, la gastronom\u00eda y la terraza est\u00e1n disponibles para quien quiera reservarlos. Un sal\u00f3n pensado para eventos \u00edntimos y corporativos El coraz\u00f3n de la propuesta es el SUM (Sal\u00f3n de Usos M\u00faltiples), un espacio de 30 m\u00b2 ideal para reuniones de trabajo, capacitaciones, presentaciones y celebraciones de grupo reducido. No es un sal\u00f3n de fiestas masivas, y esa es justamente su virtud: est\u00e1 calibrado para encuentros donde cada persona importa y el detalle se nota. Su capacidad se adapta al formato que necesites: Formato Capacidad Auditorio 20 personas C\u00f3ctel 20 personas Imperial 16 personas Escuela 15 personas Montaje en U 15 personas Esta flexibilidad de armado permite pasar de una capacitaci\u00f3n en formato escuela a una reuni\u00f3n de directorio en imperial, o a un brindis de fin de a\u00f1o en formato c\u00f3ctel, usando el mismo espacio con una disposici\u00f3n distinta. Todo resuelto: los servicios del sal\u00f3n Organizar un evento es, sobre todo, no tener que preocuparse por la infraestructura. El SUM de M\u00e9rit Parque Leloir llega con todo incluido para que vos te concentres en tus invitados: Sal\u00f3n climatizado y conexi\u00f3n a internet. Smart TV 55&#8243; y sistema de audio y sonido, listos para presentaciones. Manteler\u00eda, vajilla y cristaler\u00eda completas. Mozos y recepcionistas durante el evento. Servicio de catering propio. Servicio de guardarropa y ba\u00f1os privados. Es decir: lleg\u00e1s, y el equipo del hotel se encarga del resto. La estrella: una terraza con vista al bosque Si algo distingue a este hotel de cualquier sal\u00f3n de eventos convencional, es la altura. La propuesta gastron\u00f3mica funciona en el 4\u00b0 Piso, ubicado en la terraza del hotel, con vistas privilegiadas al bosque de Parque Leloir. Imagin\u00e1 un brindis con el verde de las copas de los \u00e1rboles como fondo, la luz de la tarde cayendo sobre la arboleda y una copa en la mano. Esa postal \u2014celebrar literalmente por encima del bosque\u2014 es lo que ning\u00fan sal\u00f3n cerrado del conurbano puede ofrecer. Para un aniversario, un cumplea\u00f1os o un evento de empresa que busca dejar una impresi\u00f3n, la terraza es el argumento decisivo. Celebrar por encima de las copas de los \u00e1rboles, con el bosque de Parque Leloir de fondo: esa vista es algo que ning\u00fan sal\u00f3n cerrado puede darte. Gastronom\u00eda propia con sabor argentino El restaurante 4\u00b0 Piso no es un catering tercerizado: es la cocina del propio hotel. Su men\u00fa recorre los sabores m\u00e1s destacados de la cocina argentina, construyendo una experiencia culinaria que acompa\u00f1a la vista sin competir con ella. Contar con gastronom\u00eda propia tiene una ventaja concreta para quien organiza: un solo interlocutor para el sal\u00f3n y la comida, coherencia entre el servicio y el espacio, y la posibilidad de coordinar todo \u2014armado, men\u00fa, tiempos\u2014 con un mismo equipo. Pod\u00e9s consultar la carta completa del restaurante para dise\u00f1ar la propuesta de tu evento a medida. \u00bfQu\u00e9 eventos pod\u00e9s hacer en M\u00e9rit Parque Leloir? La combinaci\u00f3n de sal\u00f3n flexible, gastronom\u00eda propia y terraza con vista abre el juego a muchos formatos: Eventos corporativos: reuniones de directorio, capacitaciones, workshops y presentaciones de producto, aprovechando la cercan\u00eda a los parques industriales y polos de oficinas de la zona. Celebraciones familiares: cumplea\u00f1os, aniversarios y brindis \u00edntimos con la comodidad de un hotel. Encuentros de fin de a\u00f1o: cierres de equipo o cenas empresariales en formato c\u00f3ctel sobre la terraza. Reuniones sociales: despedidas, festejos y encuentros que ganan con un marco natural y un servicio profesional. C\u00f3mo reservar tu evento Reservar es simple, y no requiere ser hu\u00e9sped del hotel. Pod\u00e9s completar el formulario de eventos en la web del hotel \u2014donde consult\u00e1s tarifas especiales para grupos indicando fecha y cantidad de personas\u2014 o escribir directamente por WhatsApp para coordinar una visita al sal\u00f3n y ver la terraza en persona. Un consejo: para eventos con fecha marcada (fin de a\u00f1o, aniversarios, fechas especiales), conviene consultar con anticipaci\u00f3n, porque un sal\u00f3n de capacidad acotada se reserva r\u00e1pido. M\u00e9rit Parque Leloir \u2014 Mart\u00edn Fierro 2945, Ituzaing\u00f3, Provincia de Buenos Aires. A 6,8 km de Plaza Oeste Shopping y con acceso directo desde la Autopista del Oeste. \u2192 Consult\u00e1 por tu evento en M\u00e9rit Parque Leloir Si busc\u00e1s un lugar que combine naturaleza, buena mesa y la tranquilidad de que un equipo profesional se ocupe de todo, tu pr\u00f3ximo evento tiene direcci\u00f3n: el coraz\u00f3n verde de Parque Leloir.<\/p>\n","protected":false},"author":3,"featured_media":30729,"comment_status":"open","ping_status":"open","sticky":false,"template":"","format":"standard","meta":{"footnotes":""},"categories":[921,919],"tags":[1187,1188,747],"ubicacion":[],"localidad":[],"class_list":["post-30728","post","type-post","status-publish","format-standard","has-post-thumbnail","hentry","category-destinos","category-hoteles","tag-amerian-leloir","tag-eventos-en-leloir","tag-parque-leloir"],"acf":[],"_links":{"self":[{"href":"https:\/\/www.amerian.com\/en\/wp-json\/wp\/v2\/posts\/30728","targetHints":{"allow":["GET"]}}],"collection":[{"href":"https:\/\/www.amerian.com\/en\/wp-json\/wp\/v2\/posts"}],"about":[{"href":"https:\/\/www.amerian.com\/en\/wp-json\/wp\/v2\/types\/post"}],"author":[{"embeddable":true,"href":"https:\/\/www.amerian.com\/en\/wp-json\/wp\/v2\/users\/3"}],"replies":[{"embeddable":true,"href":"https:\/\/www.amerian.com\/en\/wp-json\/wp\/v2\/comments?post=30728"}],"version-history":[{"count":1,"href":"https:\/\/www.amerian.com\/en\/wp-json\/wp\/v2\/posts\/30728\/revisions"}],"predecessor-version":[{"id":30742,"href":"https:\/\/www.amerian.com\/en\/wp-json\/wp\/v2\/posts\/30728\/revisions\/30742"}],"wp:featuredmedia":[{"embeddable":true,"href":"https:\/\/www.amerian.com\/en\/wp-json\/wp\/v2\/media\/30729"}],"wp:attachment":[{"href":"https:\/\/www.amerian.com\/en\/wp-json\/wp\/v2\/media?parent=30728"}],"wp:term":[{"taxonomy":"category","embeddable":true,"href":"https:\/\/www.amerian.com\/en\/wp-json\/wp\/v2\/categories?post=30728"},{"taxonomy":"post_tag","embeddable":true,"href":"https:\/\/www.amerian.com\/en\/wp-json\/wp\/v2\/tags?post=30728"},{"taxonomy":"ubicacion","embeddable":true,"href":"https:\/\/www.amerian.com\/en\/wp-json\/wp\/v2\/ubicacion?post=30728"},{"taxonomy":"localidad","embeddable":true,"href":"https:\/\/www.amerian.com\/en\/wp-json\/wp\/v2\/localidad?post=30728"}],"curies":[{"name":"wp","href":"https:\/\/api.w.org\/{rel}","templated":true}]}}