{"id":3196,"date":"2023-12-26T08:58:51","date_gmt":"2023-12-26T11:58:51","guid":{"rendered":"https:\/\/www.amerian.com\/devsite\/brisa-termal-spa-hotel-amerian-carlos-v\/"},"modified":"2025-05-03T02:45:04","modified_gmt":"2025-05-03T05:45:04","slug":"brisa-termal-spa-hotel-amerian-carlos-v","status":"publish","type":"post","link":"https:\/\/www.amerian.com\/en\/brisa-termal-spa-hotel-amerian-carlos-v\/","title":{"rendered":"\u00a1Un oasis de tranquilidad en el Brisa Termal Spa del Hotel Am\u00e9rian!"},"content":{"rendered":"<h1><b>Descubr\u00ed un oasis de relajaci\u00f3n en el Brisa Termal Spa del Hotel Am\u00e9rian Carlos V<\/b><\/h1>\n<p><img fetchpriority=\"high\" decoding=\"async\" class=\"alignnone wp-image-24476 size-full\" src=\"https:\/\/www.amerian.com\/wp-content\/uploads\/2023\/12\/brisa-termal-spa-468091-220108.jpg\" alt=\"brisa termal spa\" width=\"1200\" height=\"675\" srcset=\"https:\/\/www.amerian.com\/wp-content\/uploads\/2023\/12\/brisa-termal-spa-468091-220108.jpg 1200w, https:\/\/www.amerian.com\/wp-content\/uploads\/2023\/12\/brisa-termal-spa-468091-220108-300x169.jpg 300w, https:\/\/www.amerian.com\/wp-content\/uploads\/2023\/12\/brisa-termal-spa-468091-220108-1024x576.jpg 1024w, https:\/\/www.amerian.com\/wp-content\/uploads\/2023\/12\/brisa-termal-spa-468091-220108-768x432.jpg 768w\" sizes=\"(max-width: 1200px) 100vw, 1200px\" \/><\/p>\n<h2><b>Un espacio de desconexi\u00f3n en pleno coraz\u00f3n termal del pa\u00eds<\/b><\/h2>\n<p><span style=\"font-weight: 400;\">Ubicado en la ciudad de Termas de R\u00edo Hondo, en la provincia de Santiago del Estero, el <\/span><a href=\"https:\/\/www.amerian.com\/spa-hotel-amerian-carlos-v\/\"><b>Brisa Termal Spa<\/b><\/a><span style=\"font-weight: 400;\"> es mucho m\u00e1s que un spa dentro de un hotel. Es una propuesta \u00fanica que combina la riqueza natural de las aguas termales con un concepto de bienestar integral de alt\u00edsimo nivel. Dentro del prestigioso <\/span><b>Hotel Am\u00e9rian Carlos V<\/b><span style=\"font-weight: 400;\">, este espacio fue dise\u00f1ado desde cero para convertirse en <\/span><b>un verdadero refugio de tranquilidad, salud y renovaci\u00f3n interior<\/b><span style=\"font-weight: 400;\">.<\/span><\/p>\n<p><span style=\"font-weight: 400;\">Inspirado en los m\u00e1s altos est\u00e1ndares de hospitalidad y wellness a nivel internacional, pero con identidad local, el Brisa Termal Spa invita a <\/span><b>reconectarse con el cuerpo, calmar la mente y despertar los sentidos<\/b><span style=\"font-weight: 400;\">.<\/span><\/p>\n<p><b>Un enfoque integral para el bienestar: vivir el spa con los cinco sentidos<\/b><\/p>\n<h3><b>Dise\u00f1ado para sentir, no solo para ver<\/b><\/h3>\n<p><span style=\"font-weight: 400;\">Desde su concepci\u00f3n, el Brisa Termal Spa fue pensado bajo una premisa clara: <\/span><b>ofrecer una experiencia sensorial completa<\/b><span style=\"font-weight: 400;\">. El proyecto, encabezado por el Lic. Gustavo Ick, no deja detalle librado al azar. La idea es que cada paso en el spa despierte un sentido diferente y contribuya a crear una atm\u00f3sfera envolvente, sanadora y profundamente placentera.<\/span><\/p>\n<ul>\n<li style=\"font-weight: 400;\" aria-level=\"1\"><b>La vista<\/b><span style=\"font-weight: 400;\"> se deleita con luces c\u00e1lidas, tonalidades naturales y juegos de cromoterapia que equilibran la energ\u00eda.<\/span><\/li>\n<li style=\"font-weight: 400;\" aria-level=\"1\"><b>El olfato<\/b><span style=\"font-weight: 400;\"> se estimula con aromas relajantes, desde notas c\u00edtricas hasta esencias herbales que inducen a la calma.<\/span><\/li>\n<li style=\"font-weight: 400;\" aria-level=\"1\"><b>El o\u00eddo<\/b><span style=\"font-weight: 400;\"> descansa con una selecci\u00f3n de m\u00fasica ambiental armoniosa, creada especialmente para favorecer la introspecci\u00f3n.<\/span><\/li>\n<li style=\"font-weight: 400;\" aria-level=\"1\"><b>El tacto<\/b><span style=\"font-weight: 400;\"> se conecta con texturas suaves, piedras calientes y el masaje del agua termal en cada rinc\u00f3n del circuito.<\/span><\/li>\n<li style=\"font-weight: 400;\" aria-level=\"1\"><b>El gusto<\/b><span style=\"font-weight: 400;\">, presente en las infusiones naturales que se ofrecen tras cada tratamiento, completa una experiencia que va m\u00e1s all\u00e1 de lo est\u00e9tico: <\/span><b>invita a habitar el cuerpo y vivir el presente.<\/b><\/li>\n<\/ul>\n<p><a href=\"https:\/\/www.lavoz.com.ar\/resizer\/v2\/DII4FQGJVRDJXLOHW2LQWL57H4.png?auth=21d6e7b8b2fc6995757382a72610653e7a8da7b1a29eff83d2811590f47062a4&amp;width=1300&amp;height=867\" target=\"_blank\" rel=\"noopener\"><span style=\"font-weight: 400;\"><img decoding=\"async\" class=\"alignnone size-full wp-image-24479\" src=\"https:\/\/www.amerian.com\/wp-content\/uploads\/2023\/12\/DII4FQGJVRDJXLOHW2LQWL57H4-1.avif\" alt=\"spa carlos v\" width=\"1300\" height=\"867\" \/><\/span><\/a><\/p>\n<h2><b>El coraz\u00f3n del spa: circuitos termales con aguas mineromedicinales<\/b><\/h2>\n<h3><b>Un recurso natural \u00fanico en Am\u00e9rica Latina<\/b><\/h3>\n<p><span style=\"font-weight: 400;\">Las <\/span><b>aguas termales de Termas de R\u00edo Hondo<\/b><span style=\"font-weight: 400;\"> son famosas por sus propiedades terap\u00e9uticas. Emanan naturalmente a altas temperaturas y est\u00e1n cargadas de minerales esenciales: <\/span><b>cloruros, sulfatos, sodio, calcio y m\u00e1s<\/b><span style=\"font-weight: 400;\">. Son aguas que no solo relajan: <\/span><b>curan, regeneran, tonifican y alivian<\/b><span style=\"font-weight: 400;\">.<\/span><\/p>\n<p><span style=\"font-weight: 400;\">En el Brisa Termal Spa, el uso de estas aguas no es superficial: est\u00e1 cient\u00edficamente pensado para que sus beneficios sean reales, medibles y sostenibles en el tiempo. Un ba\u00f1o en estas aguas produce efectos inmediatos: relaja los m\u00fasculos, mejora la circulaci\u00f3n, desinflama, hidrata la piel y genera una sensaci\u00f3n de bienestar profundo.<\/span><\/p>\n<h3><b>Un recorrido dise\u00f1ado para revitalizar<\/b><\/h3>\n<p><span style=\"font-weight: 400;\">El circuito termal se despliega como una experiencia guiada por el agua y sus m\u00faltiples formas:<\/span><\/p>\n<ul>\n<li style=\"font-weight: 400;\" aria-level=\"1\"><b>Piscina L\u00fadica<\/b><span style=\"font-weight: 400;\">: con Bubble Ring, Cuellos de Cisne y Tumbonas Subacu\u00e1ticas que masajean el cuerpo mientras flot\u00e1s.<\/span><\/li>\n<li style=\"font-weight: 400;\" aria-level=\"1\"><b>Senderos de Marcha<\/b><span style=\"font-weight: 400;\">: caminos de agua con distintas texturas y temperaturas que estimulan la circulaci\u00f3n y tonifican las piernas.<\/span><\/li>\n<li style=\"font-weight: 400;\" aria-level=\"1\"><b>Ensue\u00f1o Relax<\/b><span style=\"font-weight: 400;\">: zona de flotaci\u00f3n y silencio donde el tiempo parece detenerse.<\/span><\/li>\n<li style=\"font-weight: 400;\" aria-level=\"1\"><b>Amplio Hidromasaje<\/b><span style=\"font-weight: 400;\">: jets estrat\u00e9gicamente ubicados para aliviar tensiones en espalda, cuello y lumbares.<\/span><\/li>\n<\/ul>\n<p><span style=\"font-weight: 400;\">Este recorrido combina el placer con la salud, y es ideal tanto para <\/span><b>personas activas que buscan recuperaci\u00f3n f\u00edsica<\/b><span style=\"font-weight: 400;\"> como para quienes simplemente desean <\/span><b>regalarse un momento de desconexi\u00f3n absoluta<\/b><span style=\"font-weight: 400;\">.<\/span><\/p>\n<p><b>Diversidad de temperaturas y experiencias: una propuesta completa<\/b><\/p>\n<h3><b>Estimulaci\u00f3n t\u00e9rmica y desintoxicaci\u00f3n profunda<\/b><\/h3>\n<p><span style=\"font-weight: 400;\">Uno de los pilares del spa es la <\/span><b>variedad de temperaturas<\/b><span style=\"font-weight: 400;\"> en sus espacios. El cuerpo se estimula y se desintoxica a trav\u00e9s del contraste t\u00e9rmico, favoreciendo la circulaci\u00f3n, la oxigenaci\u00f3n de los tejidos y la regeneraci\u00f3n celular.<\/span><\/p>\n<ul>\n<li style=\"font-weight: 400;\" aria-level=\"1\"><b>Sauna seco<\/b><span style=\"font-weight: 400;\">: calor intenso que favorece la sudoraci\u00f3n y la eliminaci\u00f3n de toxinas. Ideal para pieles congestionadas o contracturas musculares.<\/span><\/li>\n<li style=\"font-weight: 400;\" aria-level=\"1\"><b>Cabina de vapor<\/b><span style=\"font-weight: 400;\">: un ambiente c\u00e1lido y h\u00famedo que abre poros, descongestiona las v\u00edas respiratorias y calma la mente.<\/span><\/li>\n<li style=\"font-weight: 400;\" aria-level=\"1\"><b>Duchas Escocesas<\/b><span style=\"font-weight: 400;\">: un masaje con chorros de agua a diferentes presiones y temperaturas que energizan, tonifican y revitalizan.<\/span><\/li>\n<\/ul>\n<p><span style=\"font-weight: 400;\">Estos espacios, combinados con el circuito de aguas, conforman <\/span><b>un tratamiento natural integral<\/b><span style=\"font-weight: 400;\"> con resultados visibles en pocas sesiones: piel m\u00e1s luminosa, descanso profundo, m\u00fasculos sueltos y una mente serena.<\/span><\/p>\n<p><img decoding=\"async\" class=\"alignleft wp-image-24482 size-full\" src=\"https:\/\/www.amerian.com\/wp-content\/uploads\/2023\/12\/brisa-termal-spa-468091-220659.jpg\" alt=\"brisa termal spa carlos v\" width=\"1200\" height=\"675\" srcset=\"https:\/\/www.amerian.com\/wp-content\/uploads\/2023\/12\/brisa-termal-spa-468091-220659.jpg 1200w, https:\/\/www.amerian.com\/wp-content\/uploads\/2023\/12\/brisa-termal-spa-468091-220659-300x169.jpg 300w, https:\/\/www.amerian.com\/wp-content\/uploads\/2023\/12\/brisa-termal-spa-468091-220659-1024x576.jpg 1024w, https:\/\/www.amerian.com\/wp-content\/uploads\/2023\/12\/brisa-termal-spa-468091-220659-768x432.jpg 768w\" sizes=\"(max-width: 1200px) 100vw, 1200px\" \/><\/p>\n<p><b>Tratamientos exclusivos y atenci\u00f3n profesional de excelencia<\/b><\/p>\n<h3><b>Un men\u00fa de terapias para cada necesidad<\/b><\/h3>\n<p><span style=\"font-weight: 400;\">En el Brisa Termal Spa se ofrecen <\/span><b>tratamientos personalizados<\/b><span style=\"font-weight: 400;\">, a cargo de profesionales capacitados, con opciones que combinan t\u00e9cnicas tradicionales con enfoques contempor\u00e1neos:<\/span><\/p>\n<ul>\n<li style=\"font-weight: 400;\" aria-level=\"1\"><span style=\"font-weight: 400;\">Masajes relajantes, descontracturantes, con piedras calientes y aromaterapia.<\/span><\/li>\n<li style=\"font-weight: 400;\" aria-level=\"1\"><span style=\"font-weight: 400;\">Tratamientos faciales antiage, hidratantes o purificantes.<\/span><\/li>\n<li style=\"font-weight: 400;\" aria-level=\"1\"><span style=\"font-weight: 400;\">Experiencias de bienestar integral que combinan exfoliaci\u00f3n, hidrataci\u00f3n y t\u00e9cnicas energ\u00e9ticas.<\/span><\/li>\n<\/ul>\n<p><span style=\"font-weight: 400;\">Todos los tratamientos se realizan en <\/span><b>gabinetes con cromoterapia<\/b><span style=\"font-weight: 400;\">, climatizaci\u00f3n y ambientaci\u00f3n especial.<\/span><\/p>\n<h3><b>Gabinete Crep\u00fasculo: lujo y relajaci\u00f3n en pareja<\/b><\/h3>\n<p><span style=\"font-weight: 400;\">Este gabinete doble fue dise\u00f1ado especialmente para disfrutar en compa\u00f1\u00eda. Cuenta con <\/span><b>hidromasajes, iluminaci\u00f3n tenue, detalles sensoriales y privacidad total<\/b><span style=\"font-weight: 400;\">. Es el espacio ideal para parejas, amigas o personas que desean compartir una experiencia relajante, \u00edntima y memorable.<\/span><\/p>\n<p><b>Un proyecto con visi\u00f3n sustentable y dise\u00f1o de vanguardia<\/b><\/p>\n<h3><b>Tecnolog\u00eda, confort y compromiso ambiental<\/b><\/h3>\n<p><span style=\"font-weight: 400;\">El spa fue desarrollado por el <\/span><b>arquitecto Luciano Bertorello<\/b><span style=\"font-weight: 400;\"> junto a un equipo de m\u00e1s de 25 profesionales. El objetivo fue claro: <\/span><b>crear un espacio de alto impacto visual y funcional, con est\u00e1ndares cinco estrellas y un fuerte compromiso con la sustentabilidad<\/b><span style=\"font-weight: 400;\">.<\/span><\/p>\n<p><span style=\"font-weight: 400;\">Se incorporaron materiales nobles, aislantes naturales, sistemas inteligentes de control t\u00e9rmico, eficiencia energ\u00e9tica y estructuras que se integran con el paisaje. Esto permiti\u00f3 <\/span><b>reducir el impacto ambiental y crear una obra s\u00f3lida, bella y respetuosa con su entorno<\/b><span style=\"font-weight: 400;\">.<\/span><\/p>\n<p><b>Una est\u00e9tica con alma santiague\u00f1a<\/b><\/p>\n<h3><b>Inspiraci\u00f3n local y esp\u00edritu contempor\u00e1neo<\/b><\/h3>\n<p><span style=\"font-weight: 400;\">El dise\u00f1o del Brisa Termal Spa, a cargo de la arquitecta <\/span><b>Antonella Dom\u00e1nico<\/b><span style=\"font-weight: 400;\">, combina <\/span><b>la elegancia de las antiguas termas romanas<\/b><span style=\"font-weight: 400;\"> con una mirada moderna y local. Las formas curvas, los colores tierra, el uso de piedra y los detalles en madera evocan la <\/span><b>identidad de Santiago del Estero<\/b><span style=\"font-weight: 400;\">, sus paisajes y su calidez.<\/span><\/p>\n<p><span style=\"font-weight: 400;\">Elementos del entorno, como <\/span><b>camalotes, plantas acu\u00e1ticas del lago local y texturas naturales<\/b><span style=\"font-weight: 400;\">, se integran al espacio para reforzar un concepto est\u00e9tico que <\/span><b>abraza la naturaleza y celebra lo aut\u00f3ctono<\/b><span style=\"font-weight: 400;\">.<\/span><\/p>\n<p><b>Brisa Termal: m\u00e1s que un nombre, una sensaci\u00f3n<\/b><\/p>\n<p><span style=\"font-weight: 400;\">El nombre \u201c<\/span><b>Brisa Termal<\/b><span style=\"font-weight: 400;\">\u201d no fue elegido al azar. En Santiago del Estero, el calor puede ser intenso\u2026 pero hay un momento del d\u00eda en que una brisa fresca atraviesa la ciudad y renueva todo a su paso. Esa sensaci\u00f3n, placentera y suave, es la que el spa busca replicar en cada rinc\u00f3n. Es una caricia para el alma, una pausa en el tiempo, <\/span><b>un regalo para uno mismo<\/b><span style=\"font-weight: 400;\">.<\/span><\/p>\n<p><b>Viv\u00ed la experiencia Brisa Termal<\/b><\/p>\n<h3><b>Un destino de bienestar para todos<\/b><\/h3>\n<p><span style=\"font-weight: 400;\">El Brisa Termal Spa est\u00e1 abierto tanto a hu\u00e9spedes del hotel como a visitantes externos. Es ideal para:<\/span><\/p>\n<ul>\n<li style=\"font-weight: 400;\" aria-level=\"1\"><b>Parejas que desean reconectarse y compartir un momento especial.<\/b><\/li>\n<li style=\"font-weight: 400;\" aria-level=\"1\"><b>Personas que necesitan una pausa para sanar cuerpo y mente.<\/b><\/li>\n<li style=\"font-weight: 400;\" aria-level=\"1\"><b>Turistas que quieren disfrutar de Termas de R\u00edo Hondo con estilo y calidad.<\/b><\/li>\n<li style=\"font-weight: 400;\" aria-level=\"1\"><b>Grupos de amigas o familiares que desean relajarse juntos.<\/b><\/li>\n<li style=\"font-weight: 400;\" aria-level=\"1\"><b>Deportistas que buscan recuperaci\u00f3n muscular en aguas curativas.<\/b><\/li>\n<\/ul>\n<h2><b>\u00a1Te esperamos en el Hotel Am\u00e9rian Carlos V!<\/b><\/h2>\n<p><img loading=\"lazy\" decoding=\"async\" class=\"alignnone wp-image-24485 size-full\" src=\"https:\/\/www.amerian.com\/wp-content\/uploads\/2023\/12\/amerian-termas-417529-200929.jpg\" alt=\"amerian carlos v\" width=\"1200\" height=\"675\" srcset=\"https:\/\/www.amerian.com\/wp-content\/uploads\/2023\/12\/amerian-termas-417529-200929.jpg 1200w, https:\/\/www.amerian.com\/wp-content\/uploads\/2023\/12\/amerian-termas-417529-200929-300x169.jpg 300w, https:\/\/www.amerian.com\/wp-content\/uploads\/2023\/12\/amerian-termas-417529-200929-1024x576.jpg 1024w, https:\/\/www.amerian.com\/wp-content\/uploads\/2023\/12\/amerian-termas-417529-200929-768x432.jpg 768w\" sizes=\"(max-width: 1200px) 100vw, 1200px\" \/><\/p>\n<p><span style=\"font-weight: 400;\">Si est\u00e1s buscando <\/span><b>una experiencia distinta<\/b><span style=\"font-weight: 400;\">, de esas que <\/span><b>marcan un antes y un despu\u00e9s<\/b><span style=\"font-weight: 400;\">, el Brisa Termal Spa es para vos.<\/span><span style=\"font-weight: 400;\"><br \/>\n<\/span><span style=\"font-weight: 400;\">Venite unos d\u00edas, dej\u00e1 que el agua haga su magia, y regalate ese momento que tanto necesit\u00e1s.<\/span><\/p>\n<p><span style=\"font-weight: 400;\">En un mundo donde el estr\u00e9s y el ritmo acelerado son moneda corriente, encontrar un lugar que nos devuelva la paz interior es un verdadero tesoro. El Brisa Termal Spa no solo propone bienestar, propone <\/span><b>un cambio de estado<\/b><span style=\"font-weight: 400;\">, una reconexi\u00f3n profunda con lo que somos. Es ese instante en el que todo se detiene, y volvemos a sentirnos bien. Verdaderamente bien.<\/span><\/p>\n<p><span style=\"font-weight: 400;\">Ya sea que viajes en pareja, con amigas, en familia o buscando un espacio personal, <\/span><b>el Hotel Am\u00e9rian Carlos V te recibe con los brazos abiertos<\/b><span style=\"font-weight: 400;\">, en el coraz\u00f3n termal del pa\u00eds. Adem\u00e1s del spa, vas a disfrutar de habitaciones amplias y elegantes, gastronom\u00eda regional de primer nivel, una atenci\u00f3n c\u00e1lida y personalizada, y todos los servicios para una estad\u00eda perfecta.<\/span><\/p>\n<p><span style=\"font-weight: 400;\">\ud83d\udca7 <\/span><b>Ven\u00ed a vivir una experiencia \u00fanica de descanso y renovaci\u00f3n en el Brisa Termal Spa. Reserv\u00e1 hoy tu escapada al Hotel Am\u00e9rian Carlos V y descubr\u00ed lo que es sentirse verdaderamente en equilibrio.<\/b><\/p>\n<p><span style=\"font-weight: 400;\">\ud83d\udc49 Consult\u00e1 disponibilidad y paquetes especiales en<\/span><a href=\"https:\/\/www.amerian.com\"> <span style=\"font-weight: 400;\">www.amerian.com<\/span><\/a><span style=\"font-weight: 400;\"> o seguinos en redes para m\u00e1s info.<\/span><\/p>\n","protected":false},"excerpt":{"rendered":"<p>El Hotel Am\u00e9rian Carlos V en Termas de R\u00edo Hondo se enorgullece en presentar su joya m\u00e1s reciente: \u00a1Brisa Termal Spa!, un santuario de bienestar y circuitos termales que se erige como el spa m\u00e1s grande del pa\u00eds, con una impresionante superficie de 1740 metros cuadrados.\u00a0<\/p>\n<p>Este oasis de relajaci\u00f3n se ha convertido en el principal atractivo para quienes buscan una experiencia rejuvenecedora durante todo el a\u00f1o.<\/p>\n","protected":false},"author":2,"featured_media":24476,"comment_status":"open","ping_status":"open","sticky":false,"template":"","format":"standard","meta":{"footnotes":""},"categories":[921,919],"tags":[908,174,233,900,904,907,903,264,902,906,555,899,905,412,901],"ubicacion":[53],"localidad":[],"class_list":["post-3196","post","type-post","status-publish","format-standard","has-post-thumbnail","hentry","category-destinos","category-hoteles","tag-agua","tag-amerian","tag-argentina","tag-carlos","tag-circuitos","tag-hidromasaje","tag-hondo","tag-hotel","tag-rio","tag-sauna","tag-spa","tag-termal","tag-termales","tag-termas","tag-v","ubicacion-santiago-del-estero"],"acf":[],"_links":{"self":[{"href":"https:\/\/www.amerian.com\/en\/wp-json\/wp\/v2\/posts\/3196","targetHints":{"allow":["GET"]}}],"collection":[{"href":"https:\/\/www.amerian.com\/en\/wp-json\/wp\/v2\/posts"}],"about":[{"href":"https:\/\/www.amerian.com\/en\/wp-json\/wp\/v2\/types\/post"}],"author":[{"embeddable":true,"href":"https:\/\/www.amerian.com\/en\/wp-json\/wp\/v2\/users\/2"}],"replies":[{"embeddable":true,"href":"https:\/\/www.amerian.com\/en\/wp-json\/wp\/v2\/comments?post=3196"}],"version-history":[{"count":5,"href":"https:\/\/www.amerian.com\/en\/wp-json\/wp\/v2\/posts\/3196\/revisions"}],"predecessor-version":[{"id":24475,"href":"https:\/\/www.amerian.com\/en\/wp-json\/wp\/v2\/posts\/3196\/revisions\/24475"}],"wp:featuredmedia":[{"embeddable":true,"href":"https:\/\/www.amerian.com\/en\/wp-json\/wp\/v2\/media\/24476"}],"wp:attachment":[{"href":"https:\/\/www.amerian.com\/en\/wp-json\/wp\/v2\/media?parent=3196"}],"wp:term":[{"taxonomy":"category","embeddable":true,"href":"https:\/\/www.amerian.com\/en\/wp-json\/wp\/v2\/categories?post=3196"},{"taxonomy":"post_tag","embeddable":true,"href":"https:\/\/www.amerian.com\/en\/wp-json\/wp\/v2\/tags?post=3196"},{"taxonomy":"ubicacion","embeddable":true,"href":"https:\/\/www.amerian.com\/en\/wp-json\/wp\/v2\/ubicacion?post=3196"},{"taxonomy":"localidad","embeddable":true,"href":"https:\/\/www.amerian.com\/en\/wp-json\/wp\/v2\/localidad?post=3196"}],"curies":[{"name":"wp","href":"https:\/\/api.w.org\/{rel}","templated":true}]}}