{"id":2273,"date":"2019-03-01T11:09:46","date_gmt":"2019-03-01T14:09:46","guid":{"rendered":"https:\/\/www.amerian.com\/devsite\/el-carnaval-protagonista-de-un-fin-de-semana-super-largo\/"},"modified":"2025-06-01T21:57:55","modified_gmt":"2025-06-02T00:57:55","slug":"el-carnaval-protagonista-de-un-fin-de-semana-super-largo","status":"publish","type":"post","link":"https:\/\/www.amerian.com\/pt-br\/el-carnaval-protagonista-de-un-fin-de-semana-super-largo\/","title":{"rendered":"El Carnaval, protagonista de un fin de semana s\u00faper largo"},"content":{"rendered":"<p>Todo se remonta a la <strong>\u00e9poca de la colonia.<\/strong> All\u00e1 por el 1600, el <strong>comienzo de la cuaresma cristiana<\/strong> era el puntapi\u00e9 inicial para los <strong>festejos paganos de carnaval.<\/strong> Seg\u00fan nos cuenta la historia, la <strong>clase esclavizada<\/strong> proveniente de \u00c1frica que hab\u00eda llegado a Am\u00e9rica para trabajar en las colonias, <strong>sal\u00eda a bailar a las calles <\/strong>con el fin de atraer <strong>buenos augurios <\/strong>para una cosecha agr\u00edcola f\u00e9rtil. Diversos <strong>rasgos de su cultura tribal<\/strong> tomaban protagonismo durante las presentaciones, como <strong>m\u00e1scaras coloridas<\/strong> y m\u00fasica con instrumentos de percusi\u00f3n y los <strong>ritmos t\u00edpicos del candombe.<\/strong><\/p>\n<p><img decoding=\"async\" style=\"height: 800px; width: 800px;\" src=\"https:\/\/www.amerian.com\/wp-content\/uploads\/2024\/04\/candombedelascoloniasamericanascarnaval.jpg\" alt=\"\" \/><\/p>\n<p>En <strong>1976,<\/strong> durante la <strong>\u00e9poca del proceso,<\/strong> el feriado por carnaval fue eliminado del calendario de efem\u00e9rides nacionales. Pero en el a\u00f1o <strong>2011,<\/strong> fue restablecido mediante el <strong>decreto nacional 1584\/10 <\/strong>y por eso en la actualidad contamos con un feriado no laborable de cuatro d\u00edas.<\/p>\n<p>Con el correr del tiempo las maneras en que se puede celebrar carnaval se han diversificado. De hecho, <strong>cada regi\u00f3n de nuestro pa\u00eds<\/strong> ha ido adaptando los festejos de carnaval dot\u00e1ndolos de<strong> condimentos que dan cuenta de su identidad<\/strong> cultural.<\/p>\n<h2>Donde la comparsa es \u201cmoneda corriente\u201d<\/h2>\n<p>Hablar del carnaval nos hace pensar en la <strong>provincia de Corrientes.<\/strong> Aqu\u00ed no solo se trata de un feriado m\u00e1s o un simple hecho art\u00edstico. Las<strong> grandes comparsas <\/strong>invitan a<strong> turistas nacionales e internacionales<\/strong> a disfrutar de un rasgo identitario de la <strong>cultura del correntino.<\/strong><\/p>\n<p><img decoding=\"async\" src=\"https:\/\/www.amerian.com\/wp-content\/uploads\/2024\/04\/nuevafotocarnavalcorrientesameriancarnaval2019.jpg\" alt=\"\" \/><\/p>\n<p>Si bien sus or\u00edgenes se remontan al <strong>Carnaval de los Barrios<\/strong>, la especificaci\u00f3n y los <strong>lineamientos est\u00e9ticos<\/strong> con los que se le fue dando forma a esta manifestaci\u00f3n art\u00edstica, dieron como resultado el <strong>Carnaval de las Comparsas.<\/strong> Estos <strong>grandes carruajes decorados<\/strong> con objetos llamativos, son el <strong>escenario m\u00f3vil <\/strong>en el que los <strong>bailarines de las escuelas de samba<\/strong> lucen sus trajes brillosos al ritmo de la m\u00fasica.<\/p>\n<p>Las principales comparsas provinciales son <strong>Sapucay<\/strong> y <strong>Ar\u00e1 Ber\u00e1,<\/strong> las cuales se disputan a\u00f1o a a\u00f1o los reconocimientos que el gobierno ofrece a la <em>\u201cMejor Comparsa\u201d.<\/em><\/p>\n<h2>\u201cCarnaval del Pa\u00eds\u201d<\/h2>\n<p><strong>Entre R\u00edos<\/strong> se ha ido posicionado como otro de los r<strong>eferentes indiscutidos<\/strong>, en lo que respecta a las celebraciones de carnaval. Si bien el espect\u00e1culo y la clase de vestimenta utilizada <strong>no es netamente carioca<\/strong> como en el carnaval de Corrientes, <strong>Entre R\u00edos <\/strong>convoca a miles de turistas en todo el pa\u00eds. De hecho la ciudad de <strong>Gualeguaych\u00fa<\/strong> se ha convertido en el <strong>epicentro carnavalero,<\/strong> invitando a participar de sus comparsas a <strong>grandes figuras de la cartelera nacional.<\/strong><\/p>\n<p><img decoding=\"async\" src=\"https:\/\/www.amerian.com\/wp-content\/uploads\/2024\/04\/CARNAVALGUALEGUAYCHUAMERIAN2019.jpg\" alt=\"\" \/><\/p>\n<p>Pero ac\u00e1 no solo hablamos de comparsas. La cultura entrerriana le da un espacio importante a los <strong>desfiles de murgas <\/strong>donde los instrumentos de percusi\u00f3n y las danzas tribales, recuperan la <strong>esencia originaria <\/strong>de los festejos de carnaval.<\/p>\n<h2>El carnaval se festeja en nuestros destinos Am\u00e9rian<\/h2>\n<h2>La propuesta del Chaco<\/h2>\n<p>La <strong>Provincia de Chaco<\/strong> ha incursionado en un periodo relativamente reciente en los festejos de carnaval. Si bien los desfiles de comparsas devienen en parte por la <strong>influencia de sus provincias vecinas, <\/strong>Chaco no ha dejado de lado la <strong>m\u00fasica folkl\u00f3rica<\/strong> caracteriz\u00e1ndose por presentar carnavales muy <strong>vistosos y populares.<\/strong><\/p>\n<p>Durante los fines de semana del mes de febrero, diferentes localidades chaque\u00f1as invitan a turistas a <strong>disfrutar de sus corsos <\/strong>donde no s\u00f3lo la danza es protagonista, sino tambi\u00e9n la<strong> gastronom\u00eda caracter\u00edstica<\/strong> del lugar.<\/p>\n<p><img decoding=\"async\" src=\"https:\/\/www.amerian.com\/wp-content\/uploads\/2024\/04\/carnavalesdemarzoamerian.png\" alt=\"\" \/><\/p>\n<p>Si te interesa disfrutar de las <strong>comparsas chaque\u00f1as y del folklore,<\/strong> no te pierdas <a href=\"https:\/\/www.amerian.com\/hotel\/amerian-hotel-casino-gala-resistencia-chaco\/\" target=\"_blank\" rel=\"noopener\">Am\u00e9rian Hotel Casino Gala,<\/a> un <strong>categor\u00eda 4 estrellas <\/strong>ubicado en el coraz\u00f3n de <strong>Resistencia,<\/strong> destacado por ofrecer comodidad y excelencia.<\/p>\n<h2>Carnavales con aires norte\u00f1os<\/h2>\n<p>Tanto <strong>Salta <\/strong>como <strong>Jujuy<\/strong> tiene una <strong>forma distintiva <\/strong>para festejar el carnaval ya que t<strong>oman rasgos propios de la idiosincrasia local. <\/strong>Los ritmos andinos, la m\u00fasica popular, el folklore y las sonoridades aut\u00f3ctonas, se mezclan para bailarle a\u00a0la<strong> figura del diablo<\/strong> protagonista de este festejo. Esta <strong>figura mitol\u00f3gica<\/strong> es la que seg\u00fan las creencias populares, le permiten a quienes lo veneran <strong>desprenderse de los aspectos negativos<\/strong> que estuvieron reprimidos durante todo el a\u00f1o. Adem\u00e1s, las <strong>vestimentas t\u00edpicas <\/strong>que<strong> suman espejos <\/strong>para reflejar la luz, dan cuenta de la idea de liberaci\u00f3n del hombre frente a los esquemas sociales establecidos.<\/p>\n<p><img decoding=\"async\" src=\"https:\/\/www.amerian.com\/wp-content\/uploads\/2024\/04\/carnvalesnortenosamerianhoteles.jpg\" alt=\"\" \/><\/p>\n<p>Este tipo de festejo tiene relaci\u00f3n con la manera en la que se realiza el <strong>Culto a la Pachamama.<\/strong><\/p>\n<p>Si visit\u00e1s el norte, te esperamos en <a href=\"https:\/\/www.amerian.com\/hotel\/Amerian-Salta-Hotel\/\" target=\"_blank\" rel=\"noopener\">Am\u00e9rian Salta Hotel,<\/a> un <strong>cuatro estrellas <\/strong>ubicado en el coraz\u00f3n de la ciudad. Una de las mejores propuestas tur\u00edsticas del norte argentino.<\/p>\n<h2>El arrabal tambi\u00e9n se suma al carnaval<\/h2>\n<p>El color y los <strong>ritmos de las murgas <\/strong>se apoderan de las calles de <strong>San Telmo, La Boca <\/strong>y <strong>Boedo.<\/strong> Es que <strong>Buenos Aires<\/strong> no se queda atr\u00e1s en las celebraciones de carnaval. Si bien son <strong>completamente diferentes<\/strong> a las de las dem\u00e1s provincias, los porte\u00f1os se suman a los festejos carnavaleros con <strong>desfiles de murgas<\/strong> en los principales puntos de la ciudad.<\/p>\n<p><img decoding=\"async\" src=\"https:\/\/www.amerian.com\/wp-content\/uploads\/2024\/04\/carnavalesamerianfotos.png\" alt=\"\" \/><\/p>\n<p>Adem\u00e1s, la <strong>cultura del tango<\/strong> no desaparece durante estos festejos. Por el contrario el <strong>esp\u00edritu arrabalero <\/strong>crea una atm\u00f3sfera particular, lo que destaca a estos carnavales de otros.<\/p>\n<p>La gastronom\u00eda tambi\u00e9n es un rasgo distintivo, ya que muchas familias prefieren <strong>disfrutar de las comparsas<\/strong> acompa\u00f1ados por los <strong>sabores de las parrilladas t\u00edpicas <\/strong>de nuestro pa\u00eds.<\/p>\n<p>Si visitas <strong>San Telmo,<\/strong> te sugerimos que te hospedes en <a href=\"https:\/\/www.amerian.com\/hotel\/merit-san-telmo-hotel\/\" target=\"_blank\" rel=\"noopener\">M\u00e9rit San Telmo<\/a>. Categor\u00eda <strong>3 estrellas superior,<\/strong> se encuentra ubicado en el coraz\u00f3n de este barrio porte\u00f1o a pocos metros de la Avenida 9 de Julio.<\/p>\n<h2>Carnaval en La Docta<\/h2>\n<p><strong>C\u00f3rdoba <\/strong>es una provincia con <strong>diferentes puntos tur\u00edsticos<\/strong> repartidos en sus sierras. Por ello, el <strong>feriado de carnaval <\/strong>invita a miles de visitantes a que disfruten de la naturaleza y los aires de monta\u00f1a.<\/p>\n<p>En la <strong>capital cordobesa,<\/strong> los <strong>Carnavales de San Vicente<\/strong> son un<strong> legado hist\u00f3rico de la cultura popular.<\/strong> Los desfiles al ritmo de los tambores, los disfraces caracter\u00edsticos con sombreros y las <strong>guerras de agua,<\/strong> son parte de la esencia de los carnavales cordobeses. Esta costumbre de <strong>jugar con agua,<\/strong> es muy distintiva de los festejos cordobeses para el carnaval. Ni\u00f1os y grandes rellenan <strong>globos y bombitas para empaparse<\/strong> de diversi\u00f3n. Hoy en d\u00eda a esto, se le suman los t\u00edpicos <strong>envases de \u201cespuma de carnaval\u201d. <\/strong><\/p>\n<p><img decoding=\"async\" style=\"height: 800px; width: 800px;\" src=\"https:\/\/www.amerian.com\/wp-content\/uploads\/2024\/04\/carncavalesanvicientedestinoamerian.jpg\" alt=\"\" \/><\/p>\n<p>Mientras, <strong>las murgas<\/strong> copan las principales calles y <strong>los vecinos <\/strong>abren las puertas de sus casas para <strong>recibir la alegr\u00eda <\/strong>que les regala esta celebraci\u00f3n. Acompa\u00f1an diferentes propuestas musicales, como los <strong>recitales al aire libre<\/strong> que cuentan con la presencia de m\u00fasicos locales y bandas del popular cuarteto cordob\u00e9s.<\/p>\n<p>Si visit\u00e1s la provincia te sugerimos que te hospedes en <a href=\"https:\/\/www.amerian.com\/hotel\/amerian-cordoba-park-hotel\/\" target=\"_blank\" rel=\"noopener\">Am\u00e9rian C\u00f3rdoba Park Hotel, <\/a>un <strong>4 estrellas <\/strong>ubicado en el punto m\u00e1s importante de la ciudad. Adem\u00e1s por ser feriado de carnaval, las estad\u00edas de <strong>3 y 4 noches tienen un 10% y 15% off en sus tarifas<\/strong> respectivamente. \u00a1No te vayas a perder esta s\u00faper oferta!<\/p>\n<h2>Una propuesta para desconectarse<\/h2>\n<p>Es cierto que la <strong>adrenalina del carnava<\/strong>l exige mucha energ\u00eda. Y tal vez estabas esperando este finde extra largo, para desconectarte de la vor\u00e1gine semanal y <strong>disfrutar de lo sencillo<\/strong> que la naturaleza tiene para ofrecer.<\/p>\n<p>Imaginate lo reconfortante que puede ser pasar las tardes <strong>a la orilla del R\u00edo Ctalamochita, en Villa Mar\u00eda.<\/strong> Nada se compara con el placer de relajarse y conectarse con la naturaleza.<\/p>\n<p><img decoding=\"async\" src=\"https:\/\/www.amerian.com\/wp-content\/uploads\/2024\/04\/villamariacarnaval2019destinosamerian.jpg\" alt=\"\" \/><\/p>\n<p>Otra de las alternativas es <a href=\"https:\/\/www.amerian.com\/hotel\/amerian-villa-maria-park-hotel\/\" target=\"_blank\" rel=\"noopener\">Am\u00e9rian Villa Mar\u00eda Park Hotel,<\/a> un <strong>complejo hotelero de 4 hect\u00e1reas <\/strong>con spa, piscinas y servicios pensados para proporcionar confort y relax.<\/p>\n<hr \/>\n<p>Texto: Luciano Zahradnicek<\/p>\n","protected":false},"excerpt":{"rendered":"<p>Apenas comienza marzo y el calendario nos regala un s\u00faper fin de semana. El carnaval es la excusa ideal para hacerte una escapada y disfrutar de un descanso reparador en familia o amigos, al ritmo de la m\u00fasica y la alegr\u00eda carnavalera. En este post te contamos sobre c\u00f3mo nace esta fecha, los principales lugares de nuestro pa\u00eds donde se celebra y cu\u00e1les son nuestras propuestas para que visites los #DestinosAm\u00e9rian y disfrutes de este feriado.<\/p>\n","protected":false},"author":2,"featured_media":2284,"comment_status":"open","ping_status":"open","sticky":false,"template":"","format":"standard","meta":{"footnotes":""},"categories":[923],"tags":[253,485,486,194,180,487],"ubicacion":[48,49,47,59],"localidad":[],"class_list":["post-2273","post","type-post","status-publish","format-standard","has-post-thumbnail","hentry","category-efemerides","tag-arte","tag-carnaval","tag-carnaval-2019","tag-cultura","tag-destinos-amerian","tag-identidad-cultural","ubicacion-buenos-aires","ubicacion-chaco","ubicacion-cordoba","ubicacion-salta"],"acf":[],"_links":{"self":[{"href":"https:\/\/www.amerian.com\/pt-br\/wp-json\/wp\/v2\/posts\/2273","targetHints":{"allow":["GET"]}}],"collection":[{"href":"https:\/\/www.amerian.com\/pt-br\/wp-json\/wp\/v2\/posts"}],"about":[{"href":"https:\/\/www.amerian.com\/pt-br\/wp-json\/wp\/v2\/types\/post"}],"author":[{"embeddable":true,"href":"https:\/\/www.amerian.com\/pt-br\/wp-json\/wp\/v2\/users\/2"}],"replies":[{"embeddable":true,"href":"https:\/\/www.amerian.com\/pt-br\/wp-json\/wp\/v2\/comments?post=2273"}],"version-history":[{"count":5,"href":"https:\/\/www.amerian.com\/pt-br\/wp-json\/wp\/v2\/posts\/2273\/revisions"}],"predecessor-version":[{"id":24942,"href":"https:\/\/www.amerian.com\/pt-br\/wp-json\/wp\/v2\/posts\/2273\/revisions\/24942"}],"wp:featuredmedia":[{"embeddable":true,"href":"https:\/\/www.amerian.com\/pt-br\/wp-json\/wp\/v2\/media\/2284"}],"wp:attachment":[{"href":"https:\/\/www.amerian.com\/pt-br\/wp-json\/wp\/v2\/media?parent=2273"}],"wp:term":[{"taxonomy":"category","embeddable":true,"href":"https:\/\/www.amerian.com\/pt-br\/wp-json\/wp\/v2\/categories?post=2273"},{"taxonomy":"post_tag","embeddable":true,"href":"https:\/\/www.amerian.com\/pt-br\/wp-json\/wp\/v2\/tags?post=2273"},{"taxonomy":"ubicacion","embeddable":true,"href":"https:\/\/www.amerian.com\/pt-br\/wp-json\/wp\/v2\/ubicacion?post=2273"},{"taxonomy":"localidad","embeddable":true,"href":"https:\/\/www.amerian.com\/pt-br\/wp-json\/wp\/v2\/localidad?post=2273"}],"curies":[{"name":"wp","href":"https:\/\/api.w.org\/{rel}","templated":true}]}}