{"id":24551,"date":"2025-05-06T19:31:14","date_gmt":"2025-05-06T22:31:14","guid":{"rendered":"https:\/\/www.amerian.com\/?p=24551"},"modified":"2025-05-08T09:58:26","modified_gmt":"2025-05-08T12:58:26","slug":"proximas-aperturas-amerian-hoteles","status":"publish","type":"post","link":"https:\/\/www.amerian.com\/pt-br\/proximas-aperturas-amerian-hoteles\/","title":{"rendered":"Am\u00e9rian Hoteles desembarca en Bariloche y ampl\u00eda su propuesta en Mendoza y Carlos Paz"},"content":{"rendered":"<h1><span style=\"font-weight: 400;\">Am\u00e9rian Hoteles desembarca en Bariloche y ampl\u00eda su propuesta en Mendoza y Carlos Paz<\/span><\/h1>\n<p><img fetchpriority=\"high\" decoding=\"async\" class=\"wp-image-24609 size-full\" src=\"https:\/\/www.amerian.com\/wp-content\/uploads\/2025\/05\/82.jpeg\" alt=\"\" width=\"1060\" height=\"706\" srcset=\"https:\/\/www.amerian.com\/wp-content\/uploads\/2025\/05\/82.jpeg 1060w, https:\/\/www.amerian.com\/wp-content\/uploads\/2025\/05\/82-300x200.jpeg 300w, https:\/\/www.amerian.com\/wp-content\/uploads\/2025\/05\/82-1024x682.jpeg 1024w, https:\/\/www.amerian.com\/wp-content\/uploads\/2025\/05\/82-768x512.jpeg 768w\" sizes=\"(max-width: 1060px) 100vw, 1060px\" \/><\/p>\n<h2><span style=\"font-weight: 400;\">Una apuesta fuerte al crecimiento en destinos tur\u00edsticos clave<\/span><\/h2>\n<p><span style=\"font-weight: 400;\">Nuestra reconocida cadena <\/span><a href=\"https:\/\/www.amerian.com\/\"><b>Am\u00e9rian Hoteles<\/b><\/a><span style=\"font-weight: 400;\">, l\u00edder en el mercado hotelero argentino, anunci\u00f3 la incorporaci\u00f3n de <\/span><b>tres nuevas propiedades<\/b><span style=\"font-weight: 400;\"> que fortalecer\u00e1n su presencia en los destinos tur\u00edsticos m\u00e1s elegidos del pa\u00eds. Con su llegada a <\/span><b>San Carlos de Bariloche<\/b><span style=\"font-weight: 400;\"> y la expansi\u00f3n en <\/span><b>Mendoza<\/b><span style=\"font-weight: 400;\"> y <\/span><b>Villa Carlos Paz<\/b><span style=\"font-weight: 400;\">, el grupo contin\u00faa su estrategia de crecimiento sostenible, siempre apostando a brindar experiencias \u00fanicas en ubicaciones privilegiadas.<\/span><\/p>\n<p><span style=\"font-weight: 400;\">Actualmente, estamos operando <\/span><b>23 propiedades<\/b><span style=\"font-weight: 400;\"> entre Argentina y Uruguay, firmamos contratos para sumar nuevos hoteles, proyectando alcanzar los <\/span><b>27 establecimientos<\/b><span style=\"font-weight: 400;\"> en nuestro portfolio. Con esta expansi\u00f3n, la cadena reafirma su compromiso de ofrecer <\/span><b>hospitalidad de calidad<\/b><span style=\"font-weight: 400;\"> tanto para turistas de placer como para viajeros de negocios.<\/span><\/p>\n<h3><span style=\"font-weight: 400;\">Am\u00e9rian Bariloche: comodidad, gastronom\u00eda y vistas \u00fanicas<\/span><\/h3>\n<p><img decoding=\"async\" class=\"alignnone wp-image-24555 size-full\" src=\"https:\/\/www.amerian.com\/wp-content\/uploads\/2025\/05\/fb1983a3-4113-4e0a-9f0d-4baa97a6983d_16-9-discover-aspect-ratio_default_0.jpg\" alt=\"Am\u00e9rian Bariloche\" width=\"1200\" height=\"675\" srcset=\"https:\/\/www.amerian.com\/wp-content\/uploads\/2025\/05\/fb1983a3-4113-4e0a-9f0d-4baa97a6983d_16-9-discover-aspect-ratio_default_0.jpg 1200w, https:\/\/www.amerian.com\/wp-content\/uploads\/2025\/05\/fb1983a3-4113-4e0a-9f0d-4baa97a6983d_16-9-discover-aspect-ratio_default_0-300x169.jpg 300w, https:\/\/www.amerian.com\/wp-content\/uploads\/2025\/05\/fb1983a3-4113-4e0a-9f0d-4baa97a6983d_16-9-discover-aspect-ratio_default_0-1024x576.jpg 1024w, https:\/\/www.amerian.com\/wp-content\/uploads\/2025\/05\/fb1983a3-4113-4e0a-9f0d-4baa97a6983d_16-9-discover-aspect-ratio_default_0-768x432.jpg 768w\" sizes=\"(max-width: 1200px) 100vw, 1200px\" \/><\/p>\n<p><span style=\"font-weight: 400;\">Ubicado estrat\u00e9gicamente en el centro de <\/span><b>Bariloche<\/b><span style=\"font-weight: 400;\">, el nuevo <\/span><b>Am\u00e9rian Bariloche<\/b><span style=\"font-weight: 400;\"> ser\u00e1 un <\/span><b>hotel cuatro estrellas superior<\/b><span style=\"font-weight: 400;\"> que promete convertirse en una referencia de calidad en la ciudad. Rodeado de las tradicionales chocolater\u00edas barilochenses y a metros del principal paseo comercial, este moderno hotel contar\u00e1 con <\/span><b>140 habitaciones tipo apart<\/b><span style=\"font-weight: 400;\">, todas de aproximadamente <\/span><b>40 m\u00b2<\/b><span style=\"font-weight: 400;\">, equipadas con cocina y mobiliario de alta calidad, ideales tanto para estad\u00edas cortas como prolongadas.<\/span><\/p>\n<p><span style=\"font-weight: 400;\">El hotel estar\u00e1 integrado al complejo comercial y gastron\u00f3mico <\/span><b>DEL TURISTA<\/b><span style=\"font-weight: 400;\">, que ofrecer\u00e1 m\u00e1s de <\/span><b>15.000 metros cuadrados<\/b><span style=\"font-weight: 400;\"> de servicios, incluyendo un gimnasio <\/span><b>SportClub<\/b><span style=\"font-weight: 400;\">, un espacio de coworking, un supermercado <\/span><b>TODO<\/b><span style=\"font-weight: 400;\"> y un estacionamiento cubierto para <\/span><b>155 veh\u00edculos<\/b><span style=\"font-weight: 400;\">, todo con seguridad las 24 horas.<\/span><\/p>\n<p><span style=\"font-weight: 400;\">Adem\u00e1s, el restaurante ubicado en la terraza permitir\u00e1 a los hu\u00e9spedes comenzar su d\u00eda disfrutando de un desayuno con vistas imponentes al <\/span><b>lago Nahuel Huapi<\/b><span style=\"font-weight: 400;\">, una postal patag\u00f3nica inigualable.<\/span><\/p>\n<p><img decoding=\"async\" class=\"aligncenter wp-image-24591 size-full\" src=\"https:\/\/www.amerian.com\/wp-content\/uploads\/2025\/05\/26.jpeg\" alt=\"\" width=\"1060\" height=\"706\" srcset=\"https:\/\/www.amerian.com\/wp-content\/uploads\/2025\/05\/26.jpeg 1060w, https:\/\/www.amerian.com\/wp-content\/uploads\/2025\/05\/26-300x200.jpeg 300w, https:\/\/www.amerian.com\/wp-content\/uploads\/2025\/05\/26-1024x682.jpeg 1024w, https:\/\/www.amerian.com\/wp-content\/uploads\/2025\/05\/26-768x512.jpeg 768w\" sizes=\"(max-width: 1060px) 100vw, 1060px\" \/><\/p>\n<p><b>Am\u00e9rian Bariloche<\/b><span style=\"font-weight: 400;\"> no solo sumar\u00e1 infraestructura moderna, sino que tambi\u00e9n reforzar\u00e1 la identidad local, ya que el proyecto est\u00e1 impulsado por una familia tradicional de la ciudad con m\u00e1s de seis d\u00e9cadas invirtiendo en Bariloche.<\/span><\/p>\n<h3><span style=\"font-weight: 400;\">M\u00e9rit Mendoza: modernidad en pleno coraz\u00f3n mendocino<\/span><\/h3>\n<p><img loading=\"lazy\" decoding=\"async\" class=\"wp-image-24594 size-full\" src=\"https:\/\/www.amerian.com\/wp-content\/uploads\/2025\/05\/35.jpeg\" alt=\"\" width=\"1060\" height=\"706\" srcset=\"https:\/\/www.amerian.com\/wp-content\/uploads\/2025\/05\/35.jpeg 1060w, https:\/\/www.amerian.com\/wp-content\/uploads\/2025\/05\/35-300x200.jpeg 300w, https:\/\/www.amerian.com\/wp-content\/uploads\/2025\/05\/35-1024x682.jpeg 1024w, https:\/\/www.amerian.com\/wp-content\/uploads\/2025\/05\/35-768x512.jpeg 768w\" sizes=\"(max-width: 1060px) 100vw, 1060px\" \/><\/p>\n<p><b>Seguimos<\/b><span style=\"font-weight: 400;\"> consolidando nuestra presencia en <\/span><b>Mendoza<\/b><span style=\"font-weight: 400;\">, una de las provincias m\u00e1s importantes del pa\u00eds, sumando su <\/span><b>tercer establecimiento<\/b><span style=\"font-weight: 400;\">: el <\/span><b>M\u00e9rit Mendoza<\/b><span style=\"font-weight: 400;\">. De categor\u00eda <\/span><b>tres estrellas superior<\/b><span style=\"font-weight: 400;\">, este hotel se ubicar\u00e1 en una zona estrat\u00e9gica del centro de la ciudad, a tan solo <\/span><b>300 metros de calle San Mart\u00edn<\/b><span style=\"font-weight: 400;\">, una de las arterias principales de Mendoza, y frente al <\/span><b>Hospital Central<\/b><span style=\"font-weight: 400;\">.<\/span><\/p>\n<p><span style=\"font-weight: 400;\">El <\/span><b>M\u00e9rit Mendoza<\/b><span style=\"font-weight: 400;\"> ofrecer\u00e1 <\/span><b>115 habitaciones<\/b><span style=\"font-weight: 400;\">, una moderna <\/span><b>sala de reuniones<\/b><span style=\"font-weight: 400;\"> para eventos corporativos y sociales, un <\/span><b>restaurante en planta baja<\/b><span style=\"font-weight: 400;\"> con opciones gastron\u00f3micas para hu\u00e9spedes y visitantes, y un amplio <\/span><b>estacionamiento con capacidad para 90 autos<\/b><span style=\"font-weight: 400;\">. El edificio, de <\/span><b>4.000 m\u00b2<\/b><span style=\"font-weight: 400;\">, formar\u00e1 parte de un complejo que incluir\u00e1 consultorios m\u00e9dicos externos, ofreciendo una opci\u00f3n integral para diferentes tipos de estad\u00edas.<\/span><\/p>\n<p><img loading=\"lazy\" decoding=\"async\" class=\"wp-image-24597 size-full\" src=\"https:\/\/www.amerian.com\/wp-content\/uploads\/2025\/05\/43.jpeg\" alt=\"\" width=\"1060\" height=\"706\" srcset=\"https:\/\/www.amerian.com\/wp-content\/uploads\/2025\/05\/43.jpeg 1060w, https:\/\/www.amerian.com\/wp-content\/uploads\/2025\/05\/43-300x200.jpeg 300w, https:\/\/www.amerian.com\/wp-content\/uploads\/2025\/05\/43-1024x682.jpeg 1024w, https:\/\/www.amerian.com\/wp-content\/uploads\/2025\/05\/43-768x512.jpeg 768w\" sizes=\"(max-width: 1060px) 100vw, 1060px\" \/><\/p>\n<p><span style=\"font-weight: 400;\">La ubicaci\u00f3n privilegiada del hotel permitir\u00e1 atender tanto al turismo tradicional como al creciente turismo sanitario y de negocios, sectores en auge en la regi\u00f3n. La inversi\u00f3n prevista para este proyecto es de <\/span><b>12 millones de d\u00f3lares<\/b><span style=\"font-weight: 400;\">, con una obra que se estima concluir para <\/span><b>enero de 2028<\/b><span style=\"font-weight: 400;\">.<\/span><\/p>\n<h3><span style=\"font-weight: 400;\">M\u00e9rit Carlos Paz Lago: dise\u00f1o minimalista frente al lago<\/span><\/h3>\n<p><img loading=\"lazy\" decoding=\"async\" class=\"wp-image-24603 size-full\" src=\"https:\/\/www.amerian.com\/wp-content\/uploads\/2025\/05\/62.jpeg\" alt=\"\" width=\"1060\" height=\"706\" srcset=\"https:\/\/www.amerian.com\/wp-content\/uploads\/2025\/05\/62.jpeg 1060w, https:\/\/www.amerian.com\/wp-content\/uploads\/2025\/05\/62-300x200.jpeg 300w, https:\/\/www.amerian.com\/wp-content\/uploads\/2025\/05\/62-1024x682.jpeg 1024w, https:\/\/www.amerian.com\/wp-content\/uploads\/2025\/05\/62-768x512.jpeg 768w\" sizes=\"(max-width: 1060px) 100vw, 1060px\" \/><\/p>\n<p><span style=\"font-weight: 400;\">En el coraz\u00f3n de la <\/span><b>Villa Carlos Paz<\/b><span style=\"font-weight: 400;\">, uno de los destinos tur\u00edsticos m\u00e1s populares de C\u00f3rdoba, <\/span><b>Am\u00e9rian Hoteles<\/b><span style=\"font-weight: 400;\"> sumar\u00e1 una nueva opci\u00f3n de alojamiento: el <\/span><b>M\u00e9rit Carlos Paz Lago<\/b><span style=\"font-weight: 400;\">. Este <\/span><b>hotel boutique de tres estrellas superior<\/b><span style=\"font-weight: 400;\"> se distingue por su dise\u00f1o <\/span><b>industrial minimalista<\/b><span style=\"font-weight: 400;\"> y su enfoque en el confort y la personalizaci\u00f3n de la experiencia del hu\u00e9sped.<\/span><\/p>\n<p><span style=\"font-weight: 400;\">El establecimiento, de <\/span><b>2.192 m\u00b2<\/b><span style=\"font-weight: 400;\">, contar\u00e1 con <\/span><b>33 habitaciones<\/b><span style=\"font-weight: 400;\">, muchas de ellas <\/span><b>tipo apart<\/b><span style=\"font-weight: 400;\"> equipadas con kitchenette, ideales para estad\u00edas prolongadas o viajes familiares. Adem\u00e1s, ofrecer\u00e1 espacios comunes como <\/span><b>desayunador<\/b><span style=\"font-weight: 400;\">, <\/span><b>bar<\/b><span style=\"font-weight: 400;\">, y <\/span><b>salones de usos m\u00faltiples<\/b><span style=\"font-weight: 400;\"> con asador y cocina.<\/span><\/p>\n<p><img loading=\"lazy\" decoding=\"async\" class=\"wp-image-24606 size-full\" src=\"https:\/\/www.amerian.com\/wp-content\/uploads\/2025\/05\/72.jpeg\" alt=\"\" width=\"1060\" height=\"706\" srcset=\"https:\/\/www.amerian.com\/wp-content\/uploads\/2025\/05\/72.jpeg 1060w, https:\/\/www.amerian.com\/wp-content\/uploads\/2025\/05\/72-300x200.jpeg 300w, https:\/\/www.amerian.com\/wp-content\/uploads\/2025\/05\/72-1024x682.jpeg 1024w, https:\/\/www.amerian.com\/wp-content\/uploads\/2025\/05\/72-768x512.jpeg 768w\" sizes=\"(max-width: 1060px) 100vw, 1060px\" \/><\/p>\n<p><span style=\"font-weight: 400;\">El <\/span><b>M\u00e9rit Carlos Paz Lago<\/b><span style=\"font-weight: 400;\"> se destaca especialmente por su \u00e1rea al aire libre, con <\/span><b>sol\u00e1rium<\/b><span style=\"font-weight: 400;\">, <\/span><b>pileta climatizada para ni\u00f1os<\/b><span style=\"font-weight: 400;\"> y una imponente <\/span><b>terraza de 205 m\u00b2<\/b><span style=\"font-weight: 400;\"> con vistas panor\u00e1micas a las <\/span><b>sierras cordobesas<\/b><span style=\"font-weight: 400;\"> y al <\/span><b>lago San Roque<\/b><span style=\"font-weight: 400;\">. Un verdadero oasis para relajarse despu\u00e9s de un d\u00eda de actividades en la ciudad.<\/span><\/p>\n<p>&nbsp;<\/p>\n<p><img loading=\"lazy\" decoding=\"async\" class=\"wp-image-24600 size-full\" src=\"https:\/\/www.amerian.com\/wp-content\/uploads\/2025\/05\/52.jpeg\" alt=\"\" width=\"1060\" height=\"706\" srcset=\"https:\/\/www.amerian.com\/wp-content\/uploads\/2025\/05\/52.jpeg 1060w, https:\/\/www.amerian.com\/wp-content\/uploads\/2025\/05\/52-300x200.jpeg 300w, https:\/\/www.amerian.com\/wp-content\/uploads\/2025\/05\/52-1024x682.jpeg 1024w, https:\/\/www.amerian.com\/wp-content\/uploads\/2025\/05\/52-768x512.jpeg 768w\" sizes=\"(max-width: 1060px) 100vw, 1060px\" \/> <img fetchpriority=\"high\" decoding=\"async\" class=\"wp-image-24609 size-full\" src=\"https:\/\/www.amerian.com\/wp-content\/uploads\/2025\/05\/82.jpeg\" alt=\"\" width=\"1060\" height=\"706\" srcset=\"https:\/\/www.amerian.com\/wp-content\/uploads\/2025\/05\/82.jpeg 1060w, https:\/\/www.amerian.com\/wp-content\/uploads\/2025\/05\/82-300x200.jpeg 300w, https:\/\/www.amerian.com\/wp-content\/uploads\/2025\/05\/82-1024x682.jpeg 1024w, https:\/\/www.amerian.com\/wp-content\/uploads\/2025\/05\/82-768x512.jpeg 768w\" sizes=\"(max-width: 1060px) 100vw, 1060px\" \/><\/p>\n<p><span style=\"font-weight: 400;\">Su ubicaci\u00f3n y dise\u00f1o buscan captar tanto al turismo tradicional como a quienes buscan propuestas m\u00e1s exclusivas en Carlos Paz, uno de los destinos que recibe m\u00e1s de <\/span><b>800 mil turistas al a\u00f1o<\/b><span style=\"font-weight: 400;\">.<\/span><\/p>\n<h2><span style=\"font-weight: 400;\">Un anuncio que refuerza el compromiso con la calidad y la innovaci\u00f3n<\/span><\/h2>\n<p><span style=\"font-weight: 400;\">El anuncio de estos tres nuevos hoteles se realiz\u00f3 durante la <\/span><b>Jornada de Integraci\u00f3n de Franquicias<\/b><span style=\"font-weight: 400;\"> de Am\u00e9rian Hoteles, un encuentro anual que re\u00fane a todos los hoteles de la cadena para compartir buenas pr\u00e1cticas, innovaciones y estrategias que impulsan la <\/span><b>excelencia operativa<\/b><span style=\"font-weight: 400;\">.<\/span><\/p>\n<p><b>Roberto Amengual<\/b><span style=\"font-weight: 400;\">, presidente de Am\u00e9rian Hoteles, destac\u00f3 en el evento la importancia de fomentar el di\u00e1logo entre franquiciados:<\/span><\/p>\n<p><span style=\"font-weight: 400;\">\u201cComo cadena siempre trabajamos para proponer mejoras y soluciones, pero una de las cosas que generan estos encuentros es el intercambio de valor entre hoteles. Son ellos los que viven el d\u00eda a d\u00eda, con los hu\u00e9spedes, con soluciones creativas.\u201d<\/span><\/p>\n<p><span style=\"font-weight: 400;\">Con esta pol\u00edtica de colaboraci\u00f3n constante, en <\/span><b>Am\u00e9rian<\/b><span style=\"font-weight: 400;\"> fortalecemos nuestra posici\u00f3n como una cadena que no solo crece en cantidad de propiedades, sino tambi\u00e9n en <\/span><b>calidad de servicio y en innovaci\u00f3n<\/b><span style=\"font-weight: 400;\">.<\/span><\/p>\n<h2><span style=\"font-weight: 400;\">Sobre Am\u00e9rian Hoteles: \u00bfQu\u00e9 decirte?\u00a0<\/span><\/h2>\n<p><span style=\"font-weight: 400;\">Fundada hace m\u00e1s de <\/span><b>30 a\u00f1os<\/b><span style=\"font-weight: 400;\">, <\/span><b>Am\u00e9rian Hoteles<\/b><span style=\"font-weight: 400;\"> es la primera cadena argentina en desarrollar un concepto de <\/span><b>hospitalidad federal<\/b><span style=\"font-weight: 400;\">, acercando servicios de calidad internacional a los principales destinos tur\u00edsticos del pa\u00eds. Actualmente contamos con <\/span><b>23 hoteles operativos<\/b><span style=\"font-weight: 400;\"> en Argentina y Uruguay, y seguimos sumando proyectos que expanden su huella en el sector.<\/span><\/p>\n<p><span style=\"font-weight: 400;\">Las propiedades de Am\u00e9rian se dividen en tres categor\u00edas:<\/span><\/p>\n<ul>\n<li style=\"font-weight: 400;\" aria-level=\"1\"><b>Gran Am\u00e9rian<\/b><span style=\"font-weight: 400;\">: hoteles cinco estrellas con arquitectura de excelencia y servicios de lujo.<\/span><\/li>\n<li style=\"font-weight: 400;\" aria-level=\"1\"><b>Am\u00e9rian<\/b><span style=\"font-weight: 400;\">: hoteles cuatro estrellas superior, ubicados en zonas estrat\u00e9gicas para una experiencia de alta categor\u00eda.<\/span><\/li>\n<li style=\"font-weight: 400;\" aria-level=\"1\"><b>M\u00e9rit<\/b><span style=\"font-weight: 400;\">: hoteles tres estrellas, que ofrecen la mejor <\/span><b>relaci\u00f3n precio-calidad<\/b><span style=\"font-weight: 400;\"> con est\u00e1ndares de servicio superiores, ideales para viajeros urbanos y de negocios.<\/span><\/li>\n<\/ul>\n<p><span style=\"font-weight: 400;\">Adem\u00e1s, lideramos en el pa\u00eds con el modelo <\/span><b>condo-hotel<\/b><span style=\"font-weight: 400;\">, una innovadora forma de inversi\u00f3n inmobiliaria que permite a particulares ser due\u00f1os de unidades hoteleras, participando de la rentabilidad del negocio sin los riesgos de una administraci\u00f3n directa.<\/span><\/p>\n<p><span style=\"font-weight: 400;\">Para conocer m\u00e1s sobre nuestra propuesta, ingresa a este art\u00edculo sobre <\/span><a href=\"https:\/\/www.amerian.com\/amerian-condo-hotel\/\"><b>Condo Hotel<\/b><\/a><span style=\"font-weight: 400;\"> y descubr\u00ed todo lo que Am\u00e9rian tiene para ofrecerte.<\/span><\/p>\n<h2><span style=\"font-weight: 400;\">\u00a1Confi\u00e1 en Am\u00e9rian Hoteles para tus vacaciones so\u00f1adas!\u00a0<\/span><\/h2>\n<p><span style=\"font-weight: 400;\">Con su llegada a <\/span><b>Bariloche<\/b><span style=\"font-weight: 400;\"> y sus nuevas aperturas en <\/span><b>Mendoza<\/b><span style=\"font-weight: 400;\"> y <\/span><b>Carlos Paz<\/b><span style=\"font-weight: 400;\">, <\/span><b>Am\u00e9rian Hoteles<\/b><span style=\"font-weight: 400;\"> reafirma su apuesta por seguir siendo el mejor aliado de los argentinos que viajan por placer o negocios.\u00a0<\/span><\/p>\n<p><span style=\"font-weight: 400;\">Con infraestructura de primer nivel, servicios pensados para cada necesidad y una fuerte identidad nacional, la cadena contin\u00faa expandi\u00e9ndose para ofrecerte siempre el mejor lugar donde quedarte.<\/span><\/p>\n<p><span style=\"font-weight: 400;\">Si quer\u00e9s m\u00e1s detalles, encontr\u00e1 m\u00e1s en este video de nuestro canal de YouTube y de paso suscribite: <\/span><a href=\"https:\/\/www.youtube.com\/watch?v=aWpNsOBXqBA&amp;ab_channel=Am%C3%A9rianHoteles\" target=\"_blank\" rel=\"noopener\"><span style=\"font-weight: 400;\">https:\/\/www.youtube.com\/watch?v=aWpNsOBXqBA&amp;ab_channel=Am%C3%A9rianHoteles<\/span><\/a><\/p>\n<p><b>Am\u00e9rian crece, para que vos tambi\u00e9n puedas seguir disfrutando de lo mejor de la Argentina.<\/b><\/p>\n","protected":false},"excerpt":{"rendered":"<p>Am\u00e9rian Hoteles desembarca en Bariloche y ampl\u00eda su propuesta en Mendoza y Carlos Paz Una apuesta fuerte al crecimiento en destinos tur\u00edsticos clave Nuestra reconocida cadena Am\u00e9rian Hoteles, l\u00edder en el mercado hotelero argentino, anunci\u00f3 la incorporaci\u00f3n de tres nuevas propiedades que fortalecer\u00e1n su presencia en los destinos tur\u00edsticos m\u00e1s elegidos del pa\u00eds. Con su llegada a San Carlos de Bariloche y la expansi\u00f3n en Mendoza y Villa Carlos Paz, el grupo contin\u00faa su estrategia de crecimiento sostenible, siempre apostando a brindar experiencias \u00fanicas en ubicaciones privilegiadas. Actualmente, estamos operando 23 propiedades entre Argentina y Uruguay, firmamos contratos para sumar nuevos hoteles, proyectando alcanzar los 27 establecimientos en nuestro portfolio. Con esta expansi\u00f3n, la cadena reafirma su compromiso de ofrecer hospitalidad de calidad tanto para turistas de placer como para viajeros de negocios. Am\u00e9rian Bariloche: comodidad, gastronom\u00eda y vistas \u00fanicas Ubicado estrat\u00e9gicamente en el centro de Bariloche, el nuevo Am\u00e9rian Bariloche ser\u00e1 un hotel cuatro estrellas superior que promete convertirse en una referencia de calidad en la ciudad. Rodeado de las tradicionales chocolater\u00edas barilochenses y a metros del principal paseo comercial, este moderno hotel contar\u00e1 con 140 habitaciones tipo apart, todas de aproximadamente 40 m\u00b2, equipadas con cocina y mobiliario de alta calidad, ideales tanto para estad\u00edas cortas como prolongadas. El hotel estar\u00e1 integrado al complejo comercial y gastron\u00f3mico DEL TURISTA, que ofrecer\u00e1 m\u00e1s de 15.000 metros cuadrados de servicios, incluyendo un gimnasio SportClub, un espacio de coworking, un supermercado TODO y un estacionamiento cubierto para 155 veh\u00edculos, todo con seguridad las 24 horas. Adem\u00e1s, el restaurante ubicado en la terraza permitir\u00e1 a los hu\u00e9spedes comenzar su d\u00eda disfrutando de un desayuno con vistas imponentes al lago Nahuel Huapi, una postal patag\u00f3nica inigualable. Am\u00e9rian Bariloche no solo sumar\u00e1 infraestructura moderna, sino que tambi\u00e9n reforzar\u00e1 la identidad local, ya que el proyecto est\u00e1 impulsado por una familia tradicional de la ciudad con m\u00e1s de seis d\u00e9cadas invirtiendo en Bariloche. M\u00e9rit Mendoza: modernidad en pleno coraz\u00f3n mendocino Seguimos consolidando nuestra presencia en Mendoza, una de las provincias m\u00e1s importantes del pa\u00eds, sumando su tercer establecimiento: el M\u00e9rit Mendoza. De categor\u00eda tres estrellas superior, este hotel se ubicar\u00e1 en una zona estrat\u00e9gica del centro de la ciudad, a tan solo 300 metros de calle San Mart\u00edn, una de las arterias principales de Mendoza, y frente al Hospital Central. El M\u00e9rit Mendoza ofrecer\u00e1 115 habitaciones, una moderna sala de reuniones para eventos corporativos y sociales, un restaurante en planta baja con opciones gastron\u00f3micas para hu\u00e9spedes y visitantes, y un amplio estacionamiento con capacidad para 90 autos. El edificio, de 4.000 m\u00b2, formar\u00e1 parte de un complejo que incluir\u00e1 consultorios m\u00e9dicos externos, ofreciendo una opci\u00f3n integral para diferentes tipos de estad\u00edas. La ubicaci\u00f3n privilegiada del hotel permitir\u00e1 atender tanto al turismo tradicional como al creciente turismo sanitario y de negocios, sectores en auge en la regi\u00f3n. La inversi\u00f3n prevista para este proyecto es de 12 millones de d\u00f3lares, con una obra que se estima concluir para enero de 2028. M\u00e9rit Carlos Paz Lago: dise\u00f1o minimalista frente al lago En el coraz\u00f3n de la Villa Carlos Paz, uno de los destinos tur\u00edsticos m\u00e1s populares de C\u00f3rdoba, Am\u00e9rian Hoteles sumar\u00e1 una nueva opci\u00f3n de alojamiento: el M\u00e9rit Carlos Paz Lago. Este hotel boutique de tres estrellas superior se distingue por su dise\u00f1o industrial minimalista y su enfoque en el confort y la personalizaci\u00f3n de la experiencia del hu\u00e9sped. El establecimiento, de 2.192 m\u00b2, contar\u00e1 con 33 habitaciones, muchas de ellas tipo apart equipadas con kitchenette, ideales para estad\u00edas prolongadas o viajes familiares. Adem\u00e1s, ofrecer\u00e1 espacios comunes como desayunador, bar, y salones de usos m\u00faltiples con asador y cocina. El M\u00e9rit Carlos Paz Lago se destaca especialmente por su \u00e1rea al aire libre, con sol\u00e1rium, pileta climatizada para ni\u00f1os y una imponente terraza de 205 m\u00b2 con vistas panor\u00e1micas a las sierras cordobesas y al lago San Roque. Un verdadero oasis para relajarse despu\u00e9s de un d\u00eda de actividades en la ciudad. &nbsp; Su ubicaci\u00f3n y dise\u00f1o buscan captar tanto al turismo tradicional como a quienes buscan propuestas m\u00e1s exclusivas en Carlos Paz, uno de los destinos que recibe m\u00e1s de 800 mil turistas al a\u00f1o. Un anuncio que refuerza el compromiso con la calidad y la innovaci\u00f3n El anuncio de estos tres nuevos hoteles se realiz\u00f3 durante la Jornada de Integraci\u00f3n de Franquicias de Am\u00e9rian Hoteles, un encuentro anual que re\u00fane a todos los hoteles de la cadena para compartir buenas pr\u00e1cticas, innovaciones y estrategias que impulsan la excelencia operativa. Roberto Amengual, presidente de Am\u00e9rian Hoteles, destac\u00f3 en el evento la importancia de fomentar el di\u00e1logo entre franquiciados: \u201cComo cadena siempre trabajamos para proponer mejoras y soluciones, pero una de las cosas que generan estos encuentros es el intercambio de valor entre hoteles. Son ellos los que viven el d\u00eda a d\u00eda, con los hu\u00e9spedes, con soluciones creativas.\u201d Con esta pol\u00edtica de colaboraci\u00f3n constante, en Am\u00e9rian fortalecemos nuestra posici\u00f3n como una cadena que no solo crece en cantidad de propiedades, sino tambi\u00e9n en calidad de servicio y en innovaci\u00f3n. Sobre Am\u00e9rian Hoteles: \u00bfQu\u00e9 decirte?\u00a0 Fundada hace m\u00e1s de 30 a\u00f1os, Am\u00e9rian Hoteles es la primera cadena argentina en desarrollar un concepto de hospitalidad federal, acercando servicios de calidad internacional a los principales destinos tur\u00edsticos del pa\u00eds. Actualmente contamos con 23 hoteles operativos en Argentina y Uruguay, y seguimos sumando proyectos que expanden su huella en el sector. Las propiedades de Am\u00e9rian se dividen en tres categor\u00edas: Gran Am\u00e9rian: hoteles cinco estrellas con arquitectura de excelencia y servicios de lujo. Am\u00e9rian: hoteles cuatro estrellas superior, ubicados en zonas estrat\u00e9gicas para una experiencia de alta categor\u00eda. M\u00e9rit: hoteles tres estrellas, que ofrecen la mejor relaci\u00f3n precio-calidad con est\u00e1ndares de servicio superiores, ideales para viajeros urbanos y de negocios. Adem\u00e1s, lideramos en el pa\u00eds con el modelo condo-hotel, una innovadora forma de inversi\u00f3n inmobiliaria que permite a particulares ser due\u00f1os de unidades hoteleras, participando de la rentabilidad del negocio sin los riesgos de una administraci\u00f3n directa. Para conocer m\u00e1s sobre nuestra propuesta, ingresa a este art\u00edculo sobre Condo Hotel<\/p>\n","protected":false},"author":3,"featured_media":24600,"comment_status":"open","ping_status":"open","sticky":false,"template":"","format":"standard","meta":{"footnotes":""},"categories":[922,919,924],"tags":[450,1105,1106],"ubicacion":[],"localidad":[],"class_list":["post-24551","post","type-post","status-publish","format-standard","has-post-thumbnail","hentry","category-eventos","category-hoteles","category-noticias","tag-amerian-hoteles","tag-amerian-noticias","tag-expansion-amerian"],"acf":[],"_links":{"self":[{"href":"https:\/\/www.amerian.com\/pt-br\/wp-json\/wp\/v2\/posts\/24551","targetHints":{"allow":["GET"]}}],"collection":[{"href":"https:\/\/www.amerian.com\/pt-br\/wp-json\/wp\/v2\/posts"}],"about":[{"href":"https:\/\/www.amerian.com\/pt-br\/wp-json\/wp\/v2\/types\/post"}],"author":[{"embeddable":true,"href":"https:\/\/www.amerian.com\/pt-br\/wp-json\/wp\/v2\/users\/3"}],"replies":[{"embeddable":true,"href":"https:\/\/www.amerian.com\/pt-br\/wp-json\/wp\/v2\/comments?post=24551"}],"version-history":[{"count":4,"href":"https:\/\/www.amerian.com\/pt-br\/wp-json\/wp\/v2\/posts\/24551\/revisions"}],"predecessor-version":[{"id":24613,"href":"https:\/\/www.amerian.com\/pt-br\/wp-json\/wp\/v2\/posts\/24551\/revisions\/24613"}],"wp:featuredmedia":[{"embeddable":true,"href":"https:\/\/www.amerian.com\/pt-br\/wp-json\/wp\/v2\/media\/24600"}],"wp:attachment":[{"href":"https:\/\/www.amerian.com\/pt-br\/wp-json\/wp\/v2\/media?parent=24551"}],"wp:term":[{"taxonomy":"category","embeddable":true,"href":"https:\/\/www.amerian.com\/pt-br\/wp-json\/wp\/v2\/categories?post=24551"},{"taxonomy":"post_tag","embeddable":true,"href":"https:\/\/www.amerian.com\/pt-br\/wp-json\/wp\/v2\/tags?post=24551"},{"taxonomy":"ubicacion","embeddable":true,"href":"https:\/\/www.amerian.com\/pt-br\/wp-json\/wp\/v2\/ubicacion?post=24551"},{"taxonomy":"localidad","embeddable":true,"href":"https:\/\/www.amerian.com\/pt-br\/wp-json\/wp\/v2\/localidad?post=24551"}],"curies":[{"name":"wp","href":"https:\/\/api.w.org\/{rel}","templated":true}]}}