{"id":2676,"date":"2019-11-12T12:22:19","date_gmt":"2019-11-12T15:22:19","guid":{"rendered":"https:\/\/www.amerian.com\/devsite\/amerian-hoteles-en-a-todo-reality\/"},"modified":"2024-11-08T11:39:45","modified_gmt":"2024-11-08T14:39:45","slug":"amerian-hoteles-en-a-todo-reality","status":"publish","type":"post","link":"https:\/\/www.amerian.com\/pt-br\/amerian-hoteles-en-a-todo-reality\/","title":{"rendered":"Am\u00e9rian Hoteles en &#8220;A Todo Reality&#8221;"},"content":{"rendered":"<p>El chef <strong>Pablo Noriega<\/strong> de <a href=\"https:\/\/www.amerian.com\/hotel\/amerian-villa-maria-park-hotel\/\" target=\"_blank\" rel=\"noopener\">Am&eacute;rian Villa Mar&iacute;a Park Hotel<\/a> particip&oacute; en el programa <strong><em>&ldquo;A Todo Reality&rdquo;<\/em><\/strong> de <strong>canal 10 de C&oacute;rdoba<\/strong>, para presentar una serie de propuestas gastron&oacute;micas innovadoras para la temporada de verano 2020.<\/p>\n<p>&nbsp;<\/p>\n<blockquote>\n<p>Su estilo culinario combina la <strong>alta cocina<\/strong> basada en la tradici&oacute;n.<\/p>\n<\/blockquote>\n<p>&nbsp;<\/p>\n<p>La primera opci&oacute;n fue un <strong>Musel&iacute;n de Pollo<\/strong>, acompa&ntilde;ado con chips de batata y setas rellenas de panceta y cebolla. Una excelente <strong>opci&oacute;n para una cena<\/strong> con amigos.<\/p>\n<p>&nbsp;<\/p>\n<p><a href=\"https:\/\/www.youtube.com\/watch?v=eR_gsHcr0YA\" target=\"_blank\" rel=\"noopener\"><img decoding=\"async\" alt=\"\" src=\"https:\/\/www.amerian.com\/wp-content\/uploads\/2024\/04\/screenshot-www.png\" style=\"height:408px; width:726px\" \/><\/a><\/p>\n<p>&nbsp;<\/p>\n<p>Su segunda propuesta le da un excelente uso a los <strong>frutos del mar:<\/strong> un generoso <strong>Panzotti de salm&oacute;n. <\/strong>Un plato diferente e interesante para los paladares m&aacute;s exigentes.<\/p>\n<p>&nbsp;<\/p>\n<p><a href=\"https:\/\/www.youtube.com\/watch?v=CJ32hLhN-I4\" target=\"_blank\" rel=\"noopener\"><img decoding=\"async\" alt=\"\" src=\"https:\/\/www.amerian.com\/wp-content\/uploads\/2024\/04\/foto2noriega.png\" style=\"height:409px; width:727px\" \/><\/a><\/p>\n<p>&nbsp;<\/p>\n<p>En <strong>Am&eacute;rian<\/strong> sabemos que las experiencias gastron&oacute;micas de calidad, son parte de una <strong>propuesta de valor exitosa<\/strong> en nuestros establecimientos. Te esperamos en <strong>Am&eacute;rian Villa Mar&iacute;a <\/strong>para que lo compruebes.<\/p>\n<p><strong>Hac&eacute; tu reserva en <a href=\"http:\/\/www.amerian.com\">www.amerian.com<\/a><\/strong><\/p>\n<hr \/>\n<p>Texto: Anthony Lezama<\/p>\n","protected":false},"excerpt":{"rendered":"<p>El chef Pablo Noriega de Am\u00e9rian Villa Mar\u00eda cocin\u00f3 en el programa &#8220;A Todo Reality&#8221;. Descubr\u00ed sus especialidades en este post.<\/p>\n","protected":false},"author":2,"featured_media":2680,"comment_status":"open","ping_status":"open","sticky":false,"template":"","format":"standard","meta":{"footnotes":""},"categories":[924],"tags":[639,465,640,637,638,153],"ubicacion":[47],"localidad":[],"class_list":["post-2676","post","type-post","status-publish","format-standard","has-post-thumbnail","hentry","category-noticias","tag-a-todo-reality","tag-amerian-villa-maria","tag-canal-10","tag-chef","tag-pablo-noriega","tag-villa-maria","ubicacion-cordoba"],"acf":[],"_links":{"self":[{"href":"https:\/\/www.amerian.com\/pt-br\/wp-json\/wp\/v2\/posts\/2676","targetHints":{"allow":["GET"]}}],"collection":[{"href":"https:\/\/www.amerian.com\/pt-br\/wp-json\/wp\/v2\/posts"}],"about":[{"href":"https:\/\/www.amerian.com\/pt-br\/wp-json\/wp\/v2\/types\/post"}],"author":[{"embeddable":true,"href":"https:\/\/www.amerian.com\/pt-br\/wp-json\/wp\/v2\/users\/2"}],"replies":[{"embeddable":true,"href":"https:\/\/www.amerian.com\/pt-br\/wp-json\/wp\/v2\/comments?post=2676"}],"version-history":[{"count":1,"href":"https:\/\/www.amerian.com\/pt-br\/wp-json\/wp\/v2\/posts\/2676\/revisions"}],"predecessor-version":[{"id":2679,"href":"https:\/\/www.amerian.com\/pt-br\/wp-json\/wp\/v2\/posts\/2676\/revisions\/2679"}],"wp:featuredmedia":[{"embeddable":true,"href":"https:\/\/www.amerian.com\/pt-br\/wp-json\/wp\/v2\/media\/2680"}],"wp:attachment":[{"href":"https:\/\/www.amerian.com\/pt-br\/wp-json\/wp\/v2\/media?parent=2676"}],"wp:term":[{"taxonomy":"category","embeddable":true,"href":"https:\/\/www.amerian.com\/pt-br\/wp-json\/wp\/v2\/categories?post=2676"},{"taxonomy":"post_tag","embeddable":true,"href":"https:\/\/www.amerian.com\/pt-br\/wp-json\/wp\/v2\/tags?post=2676"},{"taxonomy":"ubicacion","embeddable":true,"href":"https:\/\/www.amerian.com\/pt-br\/wp-json\/wp\/v2\/ubicacion?post=2676"},{"taxonomy":"localidad","embeddable":true,"href":"https:\/\/www.amerian.com\/pt-br\/wp-json\/wp\/v2\/localidad?post=2676"}],"curies":[{"name":"wp","href":"https:\/\/api.w.org\/{rel}","templated":true}]}}